{"id":133,"date":"2022-08-12T16:43:39","date_gmt":"2022-08-12T14:43:39","guid":{"rendered":"http:\/\/m-sf.de\/blog\/?p=133"},"modified":"2025-09-16T16:49:47","modified_gmt":"2025-09-16T14:49:47","slug":"pressespiegel","status":"publish","type":"post","link":"https:\/\/m-sf.de\/blog\/2022\/08\/12\/pressespiegel\/","title":{"rendered":"Pressespiegel"},"content":{"rendered":"\n<p><\/p>\n\n\n\n<h3>Presseartikel zum Sozialforum M\u00fcnchen<\/h3>\n\n\n\n<figure class=\"wp-block-table is-style-regular\"><table><tbody><tr><td>junge welt, 14.10.2004<br><a rel=\"noreferrer noopener\" href=\"http:\/\/www.jungewelt.de\/2004\/10-14\/020.php\" target=\"_blank\">&#8222;Sozialforum &#8211; mit Christen und Marxisten&#8220;<\/a><br>Widerstand gegen EU-Verfassung ist zentrales Thema. Das Sozialforum M\u00fcnchen z\u00e4hlt 60 Gruppen.<br>Ein Gespr\u00e4ch mit Luise Rauschmayer S\u00fcddeutsche Zeitung, 04.09.2004<br><a href=\"javascript:openPopup('dokumente\/2004-09-04-sz-interview-luise.html',480,680);\">&#8222;Braucht M\u00fcnchen ein Sozialforum?&#8220;<\/a><br>(Interview mit Luise Rauschmayer)<\/td><td><\/td><td>M\u00fcnchner Stadtgespr\u00e4che, Dezember 2004<br><a rel=\"noreferrer noopener\" href=\"http:\/\/www.umweltinstitut.org\/stadtgespraeche\/download\/m-stadtgespraeche35.pdf\" target=\"_blank\">&#8222;Sozialforum M\u00fcnchen gegr\u00fcndet &#8211; Eine bessere Welt m\u00f6glich machen&#8220;<\/a><br>(Luise Rauschmayer)<\/td><\/tr><\/tbody><\/table><\/figure>\n\n\n\n<p><a><\/a><\/p>\n\n\n\n<h3>Presseartikel zum 1. Sozialforum in Deutschland, Erfurt 2005<\/h3>\n\n\n\n<figure class=\"wp-block-table is-style-regular\"><table><tbody><tr><td>Publik-Forum, Zeitung kritischer Christen, Oberursel, Ausgabe Nr. 15\/2005<br><a rel=\"noreferrer noopener\" href=\"http:\/\/www.m-sf.de\/dokumente\/2005-07--publik-forum-erfurt-1.rtf\" target=\"_blank\">&#8222;Die Chance zur Umkehr&#8220;<\/a><br>200 Basisinitiativen treffen sich in Erfurt zum ersten Sozialforum in Deutschland.<br>Und setzen einen deutlichen Kontrapunkt zur Berliner Politik<br>Von Bettina R\u00f6der<br><a rel=\"noreferrer noopener\" href=\"http:\/\/www.m-sf.de\/dokumente\/2005-07--publik-forum-erfurt-1.rtf\" target=\"_blank\">&#8222;Da bewegt sich etwas&#8220;<\/a><br>Erfurt, die Parteien, die Gewerkschaften und die Zukunft der Basisbewegung.<br>Fragen an Organisator Hugo Braun von Attac <a rel=\"noreferrer noopener\" href=\"http:\/\/www.freitag.de\/2005\/pdf-archiv\/Freitag-2005-30.pdf\" target=\"_blank\">Freitag, 29.7.2005 <\/a>&nbsp;&nbsp;Seite 3 (PDF, 2MB)<br>&#8222;Drei Stunden Arbeit am Tag werden gen\u00fcgen&#8220;<br>AUS DEM DENKK\u00c4FIG AUSBRECHEN &#8211; F\u00fcr eine Wirtschaftsordnung, die jedem seine W\u00fcrde l\u00e4sst &#8211; ein Pl\u00e4doyer auf dem Erfurter Sozialforum<br>Daniela Dahn<br>&#8222;Erfurt ist nicht Porto Alegre&#8220;<br>ERSTER VERSUCH &#8211; Die Idee des Sozialforums ist angekommen &#8211; die Massen sind es noch nicht<br>Wolfram Adolphi Evangelischer Pressedienst (epd), 27.7.2005<br><a rel=\"noreferrer noopener\" href=\"http:\/\/www.epd.de\/ost\/ost_index_36276.html\" target=\"_blank\">&#8222;Sozialforum ruft zu Protesten gegen weiteren Sozialabbau auf&#8220;<\/a><br>Abschlusserkl\u00e4rung der \u00fcber 200 Initiativen k\u00fcndigt &#8222;massiven Widerstand&#8220; an Jungle World, 27.7.2005<br><a rel=\"noreferrer noopener\" href=\"http:\/\/www.jungle-world.com\/seiten\/2005\/30\/5970.php\" target=\"_blank\">&#8222;Local Players&#8220;<\/a><br>Am Wochenende tagte in Erfurt das erste deutsche Sozialforum. martin kr\u00fcger (text), tim z\u00e4lch und gordon welters (fotos) haben sich dort umgesehen kobinet, 25.7.2005<br><a rel=\"noreferrer noopener\" href=\"http:\/\/www.kobinet-nachrichten.org\/cipp\/kobinet\/custom\/pub\/content,lang,1\/oid,8896\/ticket,g_a_s_t\" target=\"_blank\">&#8222;5.000 beim Sozialforum in Erfurt&#8220;<\/a> Neues Deutschland, 25.7.2005<br><a rel=\"noreferrer noopener\" href=\"http:\/\/www.nd-online.de\/artikel.asp?AID=75502&amp;IDC=2\" target=\"_blank\">&#8222;Sozialforum zum Abschluss optimistisch&#8220;<\/a><br><a rel=\"noreferrer noopener\" href=\"http:\/\/www.nd-online.de\/artikel.asp?AID=75487&amp;IDC=7\" target=\"_blank\">&#8222;Kein Erfolg&#8220;<\/a><br>Von Tom Strohschneider<br><a rel=\"noreferrer noopener\" href=\"http:\/\/www.nd-online.de\/artikel.asp?AID=75505&amp;IDC=2\" target=\"_blank\">&#8222;W\u00e4rmendes im politischen Eisschrank&#8220;<\/a><br>Entt\u00e4uschung und Hoffnung: Gestern endete das erste deutsche Sozialforum in Erfurt<br>Von Tom Strohschneider Th\u00fcringer Allgemeine, 25.7.2005<br><a rel=\"noreferrer noopener\" href=\"http:\/\/www.thueringer-allgemeine.de\/ta\/ta.nordhausen.volltext.php?kennung=on3taLOKStaNordhausen38555&amp;zulieferer=ta&amp;kategorie=LOK&amp;rubrik=Stadt&amp;region=Nordhausen&amp;auftritt=TA&amp;dbserver=1\" target=\"_blank\">&#8222;B\u00fcrger sollten beim Haushalt mitreden&#8220;<\/a><br>2000 Menschen diskutierten beim ersten Sozialforum in Erfurt vier Tage lang \u00fcber Arbeitsmarkt, Globalisierung und Frieden. Mit dabei war Gisela Hartmann, Kreisvorsitzende der Gr\u00fcnen. junge Welt, 25.7.2005<br><a rel=\"noreferrer noopener\" href=\"http:\/\/www.jungewelt.de\/2005\/07-25\/001.php\" target=\"_blank\">&#8222;Aufruf zum Widerstand&#8220;<\/a><br>Knapp 5000 Teilnehmer beim ersten deutschen Sozialforum in Erfurt. Weitere Aktionen gegen Sozialabbau vereinbart. Am 5. September Aktionstag gegen &#8222;Hartz IV&#8220;-Gesetze<br>von Peter Wolter<br><a rel=\"noreferrer noopener\" href=\"http:\/\/www.jungewelt.de\/2005\/07-25\/012.php\" target=\"_blank\">&#8222;Zeit f\u00fcr Plan B&#8220;<\/a><br>Dreieinhalb Tage Veranstaltungen und Dikussionen beim Sozialforum in Erfurt: Die Devise hei\u00dft, sich selbst in Bewegung zu setzen<br>von Wolfgang Pomrehn<br><a rel=\"noreferrer noopener\" href=\"http:\/\/www.jungewelt.de\/2005\/07-25\/018.php\" target=\"_blank\">&#8222;Ein kleinteiliger Anfang&#8220;<\/a><br>Sozialinitiativen haben den Zerlegungsproze\u00df der SPD gef\u00f6rdert. &#8222;Hartz-Schlu\u07eb\u00df&#8220; n\u00e4chste bundesweite Aktion. Ein Gespr\u00e4ch mit Peter Grottian taz, 25.7.2005<br><a rel=\"noreferrer noopener\" href=\"http:\/\/www.taz.de\/pt\/2005\/07\/25\/a0088.nf\/text.ges,1\" target=\"_blank\">&#8222;Links im Basislager&#8220;<\/a><br><a rel=\"noreferrer noopener\" href=\"http:\/\/www.taz.de\/pt\/2005\/07\/25\/a0085.nf\/text\" target=\"_blank\">&#8222;Im Herbst geht es weiter&#8220;<\/a><br>Erst Ende November trifft sich die Erfurter Bewegung wieder zu einer Konferenz<br>AUS ERFURT FELIX LEE Berliner Zeitung, 25.7.2005<br><a rel=\"noreferrer noopener\" href=\"http:\/\/www.berlinonline.de\/berliner-zeitung\/politik\/468580.html\" target=\"_blank\">&#8222;Treffen des Unbehagens&#8220;<\/a><br>Berliner Zeitung, 23.7.2005<br><a rel=\"noreferrer noopener\" href=\"http:\/\/www.berlinonline.de\/berliner-zeitung\/politik\/468503.html\" target=\"_blank\">&#8222;Kontakt zu potenziellen W\u00e4hlern&#8220;<\/a><br>Podiumsdiskussion &#8222;Guten Morgen, Gespenst! Ann\u00e4herungen an das j\u00e4he Erscheinen eines Parteiprojekts&#8220;<br>von Petra Ahne Neues Deutschland, 23.7.2005<br><a rel=\"noreferrer noopener\" href=\"http:\/\/www.nd-online.de\/artikel.asp?AID=75445&amp;IDC=2\" target=\"_blank\">&#8222;Neuland Sozialforum&#8220;<\/a><br>In Erfurt versuchen die sozialen Bewegungen den schwierigen Prozess der Verst\u00e4ndigung in Gang zu bringen.<br>Von Tom Strohschneider, Erfurt junge Welt, 23.7.2005<br><a rel=\"noreferrer noopener\" href=\"http:\/\/www.jungewelt.de\/2005\/07-23\/014.php\" target=\"_blank\">&#8222;Power statt Panik: f\u00fcr gleiche Rechte&#8220;<\/a><br>Frauen protestierten in Erfurt gegen &#8222;Hartz IV&#8220; und konservative Familienbilder<br>von Stefan Wogawa<\/td><td><\/td><td>taz, 23.7.2005<br><a rel=\"noreferrer noopener\" href=\"http:\/\/www.taz.de\/pt\/2005\/07\/23\/a0135.nf\/text.ges,1\" target=\"_blank\">&#8222;Perspektivlosigkeit raubt W\u00fcrde&#8220;<\/a><br>&#8222;Arbeitswelt und Menschenw\u00fcrde&#8220; ist eines der zentralen Themen auf dem deutschen Sozialforum. Zu Recht &#8211; in der Arbeitswelt muss mehr Demokratie gewagt werden<br>URSULA SCHUMM-GARLING<br><a rel=\"noreferrer noopener\" href=\"http:\/\/www.taz.de\/pt\/2005\/07\/23\/a0085.nf\/text.ges,1\" target=\"_blank\">&#8222;Reichtum macht ein wenig ungl\u00fccklich&#8220;<\/a><br>Erfurter Sozialforum debattiert, wie sich &#8222;anders besser leben&#8220; l\u00e4sst. Eine L\u00f6sung: freiwillige Selbstbeschr\u00e4nkung<br>FELIX LEE Neues Deutschland, 22.7.2005<br><a rel=\"noreferrer noopener\" href=\"http:\/\/www.nd-online.de\/artikel.asp?AID=75361&amp;IDC=16\" target=\"_blank\">&#8222;Start des Sozialforums in Erfurt&#8220;<\/a><br>Schwung f\u00fcr eine gerechte Gesellschaft Deutschlandfunk, 21.7.2005<br><a rel=\"noreferrer noopener\" href=\"http:\/\/www.dradio.de\/dlf\/sendungen\/interview_dlf\/398551\/\" target=\"_blank\">&#8222;Sozialforum will Distanz zu Parteien wahren&#8220;<\/a><br>Interview mit Peter Wahl, Mitgbegr\u00fcnder von Attac, \u00fcber die Ziele des Treffens. <a rel=\"noreferrer noopener\" href=\"http:\/\/www.dradio.de\/aodflash\/player.php?station=1&amp;broadcast=196843&amp;datum=20050721&amp;playtime=1121942425&amp;fileid=9980744f&amp;\/\" target=\"_blank\">Audio<\/a><br>Frankfurter Rundschau, 21.7.2005<br><a rel=\"noreferrer noopener\" href=\"http:\/\/www.fr-aktuell.de\/ressorts\/nachrichten_und_politik\/thema_des_tages\/?cnt=701936\" target=\"_blank\">&#8222;Basar gegen den Neoliberalismus&#8220;<\/a><br><a rel=\"noreferrer noopener\" href=\"http:\/\/www.fr-aktuell.de\/ressorts\/nachrichten_und_politik\/thema_des_tages\/?cnt=701937\" target=\"_blank\">&#8222;Kritik vervielf\u00e4ltigt&#8220;<\/a><br><a rel=\"noreferrer noopener\" href=\"http:\/\/www.fr-aktuell.de\/ressorts\/nachrichten_und_politik\/thema_des_tages\/?cnt=701935\" target=\"_blank\">&#8222;Getrennte Wege, denn die Ziele sind nicht deckungsgleich&#8220;<\/a><br>taz, 21.7.2005<br><a rel=\"noreferrer noopener\" href=\"http:\/\/www.taz.de\/pt\/2005\/07\/21\/a0082.nf\/text.ges,1\" target=\"_blank\">&#8222;Gipfeltreffen der sozial Bewegten in Erfurt&#8220;<\/a><br>Ab heute tagt das erste Sozialforum in Deutschland. Initiativen debattieren \u00fcber Globalisierung und Menschenrechte<br>FELIX LEE junge Welt, 21.7.2005<br><a rel=\"noreferrer noopener\" href=\"http:\/\/www.jungewelt.de\/2005\/07-21\/013.php\" target=\"_blank\">&#8222;Sandk\u00f6rner im Getriebe&#8220;<\/a><br>Mit dem heute in Erfurt beginnenden bundesweiten Sozialforum findet Deutschland Anschlu\u00df an eine internationale Bewegung<br>von Wolfgang Pomrehn Berliner Zeitung, 21.7.2005<br><a rel=\"noreferrer noopener\" href=\"http:\/\/www.berlinonline.de\/berliner-zeitung\/politik\/467478.html\" target=\"_blank\">&#8222;Linkspartei will Sozialforum f\u00fcr Werbung nutzen&#8220;<\/a><br>Globalisierungsgegner treffen sich in Erfurt<br>von Petra Ahne Jungle World, 20.7.2005<br><a rel=\"noreferrer noopener\" href=\"http:\/\/jungle-world.com\/seiten\/2005\/29\/5911.php\" target=\"_blank\">&#8222;Deutsche vernetzen&#8220;<\/a><br>Am kommenden Wochenende treffen sich Globalisierungskritiker und Freunde der neuen Linkspartei zum ersten Sozialforum in Deutschland.<br>von jesko bender junge Welt, 20.7.2005<br><a rel=\"noreferrer noopener\" href=\"http:\/\/www.jungewelt.de\/2005\/07-20\/022.php\" target=\"_blank\">&#8222;Vorbereitung auf Sozialforum l\u00e4uft auf Hochtouren&#8220;<\/a><br>In Erfurt werden bis zu 5 000 Teilnehmer erwartet. Reger Zuspruch aus den Gewerkschaften. Ein Gespr\u00e4ch mit Matthias Plhak Mitteldeutsche Zeitung, 20.7.2005<br><a rel=\"noreferrer noopener\" href=\"http:\/\/www.mz-web.de\/servlet\/ContentServer?pagename=ksta\/page&amp;atype=ksArtikel&amp;aid=1121637398940&amp;openMenu=1013016724320&amp;calledPageId=1013016724320&amp;listid=1018881578370\" target=\"_blank\">&#8222;Kritiker der Globalisierung versammeln sich in Erfurt&#8220;<\/a><br>Erstes deutsches Sozialforum beginnt Donnerstag &#8211; 340 Veranstaltungen auf Programm Th\u00fcringer Allgemeine, 19.7.2005<br><a rel=\"noreferrer noopener\" href=\"http:\/\/www.thueringer-allgemeine.de\/ta\/ta.standard.volltext.php?kennung=oninttaINTHomNational38549&amp;zulieferer=ta&amp;kategorie=INT&amp;rubrik=Homepage&amp;region=National&amp;auftritt=TA&amp;dbserver=1\" target=\"_blank\">&#8222;Wohlstand nicht f\u00fcr alle Zeiten&#8220;<\/a><br>Interview mit Moema MIRANDA, Organisatorin des Weltsozialforums Neues Deutschland, 9.7.2005<br><a rel=\"noreferrer noopener\" href=\"http:\/\/www.nd-online.de\/rubrik.asp?IDC=47\" target=\"_blank\">Beilage der Tageszeitung Neues Deutschland<\/a> junge Welt, 9.7.2005<br><a rel=\"noreferrer noopener\" href=\"http:\/\/www.jungewelt.de\/sozialforum\/beilage\/68\" target=\"_blank\">Beilage der Tageszeitung junge Welt<\/a> Rundbrief der \u00f6kumenischen Initiative Eine Welt, Juli 2005<br><a rel=\"noreferrer noopener\" href=\"http:\/\/www.oeiew.de\/oi-cms\/downloads_news\/113.pdf\" target=\"_blank\">Suche nach einer Perspektive gegen die Wolfsgesellschaft<\/a><br>Angela Klein stellt das erste Sozialforum in Deutschland vor. M\u00fcnchner Stadtgespr\u00e4che, M\u00e4rz 2005<br><a rel=\"noreferrer noopener\" href=\"http:\/\/www.m-sf.de\/dokumente\/2005-03--von-porto-alegre-nach-erfurt.pdf\" target=\"_blank\">Von Porto Alegre nach Erfurt<\/a><br>von Luise Rauschmayer SOZIALEXTRA Fachzeitschrift f\u00fcr Soziale Arbeit und Sozialpolitik, April 2005<br><a rel=\"noreferrer noopener\" href=\"http:\/\/www.sozialextra.de\/2005-04\/komm04.htm\" target=\"_blank\">Von Porto Alegre nach Erfurt<\/a><br>Das Erste Sozialforum in Deutschland gewinnt Gestalt.<br>Ein Kommentar von Luise Rauschmayer Neues Deutschland, 11.1.2005<br><a rel=\"noreferrer noopener\" href=\"http:\/\/www.nd-online.de\/artikel.asp?AID=65677&amp;IDC=2\" target=\"_blank\">Optimismus vor Erfurter Sozialforum<\/a><br>von Tom Strohschneider<br>junge Welt, 10.1.2005<br><a rel=\"noreferrer noopener\" href=\"http:\/\/www.jungewelt.de\/2005\/01-10\/014.php\" target=\"_blank\">H\u00f6hepunkt des sozialen Widerstands<\/a><br>Sozialforum in Erfurt soll Neoliberalismus entgegenwirken. Keine Beteiligung von Parteien<br>von Stefan Wogawa<br>taz, 4.1.2005<br><a rel=\"noreferrer noopener\" href=\"http:\/\/www.taz.de\/pt\/2005\/01\/04\/a0122.nf\/text.ges,1\" target=\"_blank\">Sozialforum in Erfurt<\/a><br>&#8222;Eine andere Welt ist m\u00f6glich&#8220;: Erste bundesweite Veranstaltung im Juli. Basis ist Charta von Porto Alegre<br>epd<br><\/td><\/tr><\/tbody><\/table><\/figure>\n\n\n\n<p><a><\/a><\/p>\n\n\n\n<h3>Presseartikel zum Weltsozialforum in Porto Alegre 2005<\/h3>\n\n\n\n<figure class=\"wp-block-table is-style-regular\"><table><tbody><tr><td>Vida Brasil &#8211; Ihr brasilianisches Magazin in Europa<br><a rel=\"noreferrer noopener\" href=\"http:\/\/www.revistavidabrasil.com\/html\/wirtschaft.html\" target=\"_blank\">Nach vier Mammut-Veranstaltungen in Porto Alegre<\/a><br>junge Welt, 16.2.2005<br>Gro\u00dfe Wochenendbeilage zum Weltsozialforum<br><a rel=\"noreferrer noopener\" href=\"http:\/\/www.jungewelt.de\/beilage\/beilage\/55\" target=\"_blank\">F\u00fcr die andere m\u00f6gliche Welt<\/a><br>8 Artikel ZNet, 9.2.2005<br><a rel=\"noreferrer noopener\" href=\"http:\/\/www.zmag.de\/artikel.php?id=1360\" target=\"_blank\">Die Zukunft des Weltsozialforumsprozesses<\/a><br>Ein paar Reformen sind notwendig<br>von Kim Foltz, Suren Moodliar und Jason Pramas freitag, 4.2.2005<br><a rel=\"noreferrer noopener\" href=\"http:\/\/www.freitag.de\/2005\/05\/05050601.php\" target=\"_blank\">Steinerne G\u00e4ste<\/a><br>Die Karawane umkreist ihre Gravitationsfelder und zieht weiter nach Afrika<br>Elmar Altvater junge Welt, 1.2.2005<br><a rel=\"noreferrer noopener\" href=\"http:\/\/www.jungewelt.de\/2005\/02-01\/001.php\" target=\"_blank\">Von Che bis Chavez<\/a><br>Weltsozialforum endete mit Aufruf zu internationalen Aktionen gegen Krieg und Neoliberalismus. Venezuelas Pr\u00e4sident begeisterte Teilnehmer des Treffens<br>Wolfgang Pomrehn, Porto Alegre junge Welt, 1.2.2005<br><a rel=\"noreferrer noopener\" href=\"http:\/\/www.jungewelt.de\/2005\/02-01\/020.php\" target=\"_blank\">&#8222;Sozialforum ist offene Universit\u00e4t der Bewegung&#8220;<\/a><br>Von Porto Alegre gehen Impulse gegen Irak-Krieg und WTO-Konferenz aus. Schwerpunkt von Greenpeace war Atompolitik Brasiliens. Ein Gespr\u00e4ch mit Daniel Mittler<br>Interview: Wolfgang Pomrehn S\u00fcddeutsche Zeitung, 1.2.2005<br>SZ-Interview mit Philipp Hersel<br><a rel=\"noreferrer noopener\" href=\"http:\/\/www.attac.de\/wsf05\/interview.php\" target=\"_blank\">&#8222;Alle haben vor dem Diktat der Kapitalm\u00e4rkte gekuscht&#8220;<\/a><br>Der Leiter der deutschen Delegation des Netzwerkes Attac \u00fcber die Akzeptanz des Weltsozialforums. Wiener Zeitung, 1.2.2005<br><a rel=\"noreferrer noopener\" href=\"http:\/\/www.wienerzeitung.at\/frameless\/wirtschaft.htm?ID=M19&amp;Menu=223421\" target=\"_blank\">Niederlagen schwierig zu verdauen<\/a><br>Die Dimensionen waren gigantisch, die Verh\u00e4ltnisse prek\u00e4r. \u00dcber 125.000 Teilnehmer, \u00fcber 5.700 zivilgesellschaftliche Organisationen, Parteien, Vereine und Gruppen trafen sich auf dem riesigen Areal am Ufer des v\u00f6llig verschmutzten Guaiba-Sees. Seit dem ersten Treffen im Jahr 2001 geht es, laut damaligem Abschlussdokument, um die Erarbeitung von &#8222;Alternativen zur inhumanen, neoliberalen Weltordnung&#8220;, deren neueste Errungenschaften jedes Jahr auf dem Weltwirtschaftsgipfel gleichzeitig in Davos diskutiert werden. Von Lennart Laberenz, Porto Alegre swissinfo, 1.2.2005<br><a href=\"http:\/\/www.swissinfo.org\/sde\/Swissinfo.html?siteSect=106&amp;sid=5506721\">Porto Alegre, ein stimulierendes Erlebnis<\/a><br>Interessant, bewegend und n\u00fctzlich: Die Schweizer Delegation lobt das 5. Welt-Sozialforum in Porto Alegre, das am Montag zu Ende ging.<br>Marc-Andr\u00e9 Miserez, Porto Alegre Neues Deutschland, 1.2.2005<br><a rel=\"noreferrer noopener\" href=\"http:\/\/www.nd-online.de\/artikel.asp?AID=66768&amp;IDC=2\" target=\"_blank\">Ch\u00e1vez begeistert Sozialforum<\/a><br>Dem Welttreffen in Porto Alegre folgen internationale Kampagnen<br>Von Gerhard Dilger, Porto Alegre Der Z\u00fcrcher Oberl\u00e4nder, 1.2.2005<br><a rel=\"noreferrer noopener\" href=\"http:\/\/www.zol.ch\/zo\/detail.cfm?id=150698\" target=\"_blank\">Aufruf zur Revolution<\/a><br>Rede Ch\u00e1vez&#8216; zum Abschluss des 5. Weltsozialforums taz, 1.2.2005<br><a rel=\"noreferrer noopener\" href=\"http:\/\/www.taz.de\/pt\/2005\/02\/01\/a0078.nf\/text.ges,1\" target=\"_blank\">Sozial ist ein Schluck Wasser<\/a><br>Weltsozialforum im brasilianischen Porto Alegre einigt sich auf gemeinsame Kampagnen. Prominente fordern Menschenrecht auf Trinkwasser. Tobinsteuer liegt bei Rot-Gr\u00fcn auf Eis von HANNES KOCH taz, 1.2.2005<br><a rel=\"noreferrer noopener\" href=\"http:\/\/www.taz.de\/pt\/2005\/02\/01\/a0167.nf\/text.ges,1\" target=\"_blank\">Weltsozialforum schafft sich ab<\/a><br>Die Massenveranstaltung der Globalisierungsgegner will sich k\u00fcnftig &#8222;dezentral&#8220; treffen. In Porto Alegre wurde zum letzten Mal gefeiert und politisiert AUS PORTO ALEGRE BERND PICKERT 3sat kulturzeit, 31.1.2005<br><a rel=\"noreferrer noopener\" href=\"http:\/\/www.3sat.de\/3sat.php?http:\/\/www.3sat.de\/kulturzeit\/themen\/75429\/index.html\" target=\"_blank\">Globalisierung von unten<\/a><br>Armut ist das dominante Thema<br>Mammutprogramm in Porto Alegre<br>Der einstige Star Lula<br>Helfen &#8211; aber wie? 3sat kulturzeit, Schwerpunkt:<br><a rel=\"noreferrer noopener\" href=\"http:\/\/www.3sat.de\/3sat.php?http:\/\/www.3sat.de\/kulturzeit\/themen\/36269\/index.html\" target=\"_blank\">Global brutal?<br>Kulturzeit berichtet \u00fcber die Folgen der Globalisierung<\/a><br>Nicht nur die Chaostheorie beschw\u00f6rt den Fl\u00fcgelschlag eines Schmetterlings, der auf der anderen Seite des Globus eine Katastrophe ausl\u00f6sen kann. Die Welt r\u00fcckt in Wirtschaft und Wissenschaft, Politik Gesellschaft und Umwelt sichtbar zusammen. Kulturzeit berichtet \u00fcber die Sonnen- und Schattenseiten der Globalisierung, \u00fcber Gewinner und Verlierer. FAZ, 31.1.2005<br><a rel=\"noreferrer noopener\" href=\"http:\/\/www.faz.net\/s\/RubFC06D389EE76479E9E76425072B196C3\/Doc~E6AE5B59185104EE0965032445BF8E7FE~ATpl~Ecommon~Scontent.html\" target=\"_blank\">Einpeitscher und Chefideologe<\/a><br>Von Josef Oehrlein, Porto Alegre Netzeitung, 31.1.2005<br><a rel=\"noreferrer noopener\" href=\"http:\/\/www.netzeitung.de\/spezial\/globalvillage\/323674.html\" target=\"_blank\">Weltsozialforum beklatscht zum Abschluss Chavez&#8216; Aufruf zur Revolution<\/a><br>Zu einer &#8222;weltweiten Verschw\u00f6rung gegen den Neoliberalismus&#8220; hat Venezuelas Staatspr\u00e4sident Chavez die Teilnehmer des Weltsozialforums aufgerufen. Die pl\u00e4dierten unter anderem f\u00fcr ein Menschenrecht auf Trinkwasser. Tages-Anzeiger, 31.1.2005<br><a rel=\"noreferrer noopener\" href=\"http:\/\/www.tages-anzeiger.ch\/dyn\/news\/ausland\/462055.html\" target=\"_blank\">Schweizer: Den Horizont am Weltsozialforum erweitert<\/a><br>Das f\u00fcnfte Weltsozialforum ist heute Montag zu Ende gegangen. \u00dcber 100.000 Teilnehmende haben sich in mehr als 2000 Workshops mit globalen und regionalen Problemen befasst. Die Mitglieder der Schweizer Delegation \u00e4ussern sich positiv. Deutsche Welle, 31.1.2005<br><a rel=\"noreferrer noopener\" href=\"http:\/\/www.dw-world.de\/dw\/article\/0,1564,1474280,00.html\" target=\"_blank\">Das Weltsozialforum wird erwachsener<\/a><br>Sechs Tage lang haben 12.000 Teilnehmer in Porto Alegre \u00dcber Alternativen zur Globalisierung diskutiert. Das inzwischen f\u00fcnfte Weltsozialforum ist an einer wichtigen Schwelle angekommen, berichtet Johannes Beck. der Standard, 30.J\u00e4nner.2005<br><a rel=\"noreferrer noopener\" href=\"http:\/\/derstandard.at\/?url=\/?id=1933972\" target=\"_blank\">Anti-Bush-Protest beim Weltsozialforum in Porto Alegre<\/a><br>Aktivisten verbrennen Bush-Puppe &#8211; Thail\u00e4ndischer Menschenrechtler: &#8222;Wahl im Irak wird keine Demokratie bringen&#8220; FAZ, 30.1.2005<br><a rel=\"noreferrer noopener\" href=\"http:\/\/www.faz.net\/s\/RubDDBDABB9457A437BAA85A49C26FB23A0\/Doc~E5EB614B457AD40519630909EF3486677~ATpl~Ecommon~Scontent.html\" target=\"_blank\">Karneval f\u00fcr eine bessere Welt<\/a><br>Von Josef Oehrlein, Porto Alegre<\/td><td><\/td><td>Deutsche Welle, 28.1.2005<br><a rel=\"noreferrer noopener\" href=\"http:\/\/www.dw-world.de\/dw\/article\/0,1564,1474280,00.html\" target=\"_blank\">Feminismus f\u00fcr Porto Alegre<\/a><br>W\u00e4hrend des Weltsozialforums treffen sich auch die K\u00e4mpferinnen f\u00fcr einen &#8222;Weltmarsch der Frauen&#8220;. Die Linken seien sexistisch, lautet ihr Vorwurf.<br>Monika Hoegen, zurzeit Porto Alegre freitag, 28.1.2005<br><a rel=\"noreferrer noopener\" href=\"http:\/\/www.freitag.de\/2005\/04\/Robinson.php\" target=\"_blank\">5 Artikel zum Weltsozialforum in Porto Alegre<\/a><br>PORTO ALEGRE 2005<br>IM GESPR\u00c4CH<br>BRASILIEN<br>DIE &#8222;INVASORES&#8220; SIND UNTERWEGS<br>NEUE KL\u00c4NGE, NEUE FORMEN<br>taz, 28.1.2005<br><a rel=\"noreferrer noopener\" href=\"http:\/\/www.taz.de\/pt\/2005\/01\/28\/a0128.nf\/text.ges,1\" target=\"_blank\">Lula will Antihungerkampagne globalisieren<\/a><br>Das Weltsozialforum muss sich f\u00fcr die UN-Millenniumsziele einsetzen, fordert der brasilianische Pr\u00e4sident<br>GERHARD DILGER Tages-Anzeiger, 28.1.2005<br><a rel=\"noreferrer noopener\" href=\"http:\/\/www.tagi.ch\/dyn\/news\/ausland\/461050.html\" target=\"_blank\">Engagement f\u00fcr Wasserkonvention<\/a><br>Die Arbeitsgemeinschaft der Hilfswerke hat am Weltsozialforum in Porto Alegre zum Engagement f\u00fcr eine Wasserkonvention aufgerufen. Zugang zu Trinkwasser soll als Menschenrecht verankert werden.<br>der Standard, 27.J\u00e4nner.2005<br><a rel=\"noreferrer noopener\" href=\"http:\/\/derstandard.at\/?url=\/?id=1931713\" target=\"_blank\">Tagebuch: &#8222;Hundert Prozent Lula&#8220;<\/a><br>derStandard.at-Redakteur Michael Vosatka schildert seine Eindr\u00fccke vom Weltsozialforum in Porto Alegre Deutsche Welle, 26.1.2005<br><a rel=\"noreferrer noopener\" href=\"http:\/\/www.dw-world.de\/dw\/article\/0,1564,1468842,00.html\" target=\"_blank\">Mehr als nur ein globales Labertreffen<\/a><br>Urspr\u00fcnglich war das Weltsozialforum nur als Gegenveranstaltung zum Weltwirtschaftsforum in Davos, dem World Economic Forum, geplant. Inzwischen hat es ein auschweifendes Eigenleben entwickelt, das nach Ordnung verlangt.<br>Johannes Beck BerlinerZeitung, 26.1.2005<br><a rel=\"noreferrer noopener\" href=\"http:\/\/www.berlinonline.de\/berliner-zeitung\/politik\/415653.html\" target=\"_blank\">Von Gipfel zu Gipfel<\/a><br>Lula da Silva, Staatspr\u00e4sident von Brasilien: Dieser Mann hat Mut.<br>von Hinnerk Berlekamp junge Welt, 26.1.2005<br><a rel=\"noreferrer noopener\" href=\"http:\/\/www.jungewelt.de\/2005\/01-26\/001.php\" target=\"_blank\">Marsch der 120000<\/a><br>Mit einer Gro\u00dfdemonstration beginnt heute das Weltsozialforum in Brasilien. Rekordbeteiligung erwartet. Zentrale Frage: Wie den US-Krieg stoppen?<br>Wolfgang Pomrehn, Porto Alegre Frankfurter Rundschau, 26.1.2005<br><a rel=\"noreferrer noopener\" href=\"http:\/\/www.fr-aktuell.de\/ressorts\/wirtschaft_und_boerse\/wirtschaft\/?cnt=622744\" target=\"_blank\">Globalisierungskritiker bem\u00fchen sich um die Praxis<\/a><br>Beim Weltsozialforum soll weniger geklagt und mehr konstruktiv gearbeitet werden \/ Staatschefs Lula und Ch\u00e1vez polarisieren<br>VON WOLFGANG KUNATH taz, 25.1.2005<br><a rel=\"noreferrer noopener\" href=\"http:\/\/www.taz.de\/pt\/2005\/01\/25\/a0216.nf\/text.ges,1\" target=\"_blank\">Gegengipfel als Gipfeltreffen<\/a><br>Das Weltsozialforum 2005 soll an konkreten Aktionsformen arbeiten. Aber schon das Programm gibt diesen Anspruch nur zum Teil wieder<br>VON BERND PICKERT taz, 25.1.2005<br><a rel=\"noreferrer noopener\" href=\"http:\/\/www.taz.de\/pt\/2005\/01\/25\/a0222.nf\/text.ges,1\" target=\"_blank\">Das Zauberwort hei\u00dft Teilhabe<\/a><br>Die Stadt Porto Alegre gilt als Symbol f\u00fcr gelebte Gerechtigkeit. Doch nach dem Scheitern der Demokraten sucht das Sozialforum neue Austragungsorte<br>AUS PORTO ALEGRE GERHARD DILGER taz, 25.1.2005<br><a rel=\"noreferrer noopener\" href=\"http:\/\/www.taz.de\/pt\/2005\/01\/25\/a0226.nf\/text.ges,1\" target=\"_blank\">Die Vielfalt der anderen Welten<\/a><br>Auch wenn Porto Alegre wieder zum Happening werden d\u00fcrfte &#8211; der Bewegung stehen harte Diskussionen bevor. Noch einigt sie vor allem der Protest<br>VON STEPHAN KOSCH Neues Deutschland, 25.1.2005<br><a rel=\"noreferrer noopener\" href=\"http:\/\/www.nd-online.de\/artikel.asp?AID=66404&amp;IDC=2\" target=\"_blank\">Mehr als 100000 am Ufer des Guaba-Sees<\/a><br>Nur wenig Teilnehmer aus Asien, Afrika und Osteuropa<br>In Porto Alegre beginnt am Mittwoch das Weltsozialforum. Die Organisatoren wollen bei der f\u00fcnften Ausgabe des globalisierungskritischen Ideen-Festivals neue Akzente setzen.<br>Von Gerhard Dilger, Porto Alegre junge Welt, 24.1.2005<br><a rel=\"noreferrer noopener\" href=\"http:\/\/www.jungewelt.de\/2005\/01-24\/005.php\" target=\"_blank\">Lebendige Alternative<\/a><br>Kampf gegen Hunger, Freihandel und Irak-Krieg: In Brasilien treffen sich in dieser Woche 120000 Aktivisten zum 5. Weltsozialforum<br>Wolfgang Pomrehn, Porto Alegre junge Welt, 24.1.2005<br><a rel=\"noreferrer noopener\" href=\"http:\/\/www.jungewelt.de\/2005\/01-24\/022.php\" target=\"_blank\">\ufffdLula ist nicht mehr der Star\ufffd<\/a><br>Brasiliens Pr\u00e4sident Inacio &#8222;Lula&#8220; da Silva wird zum 5. Weltsozialforum kommen, gefeiert wird er allerdings nicht mehr. Ein Gespr\u00e4ch mit Ant\u00f3nio Martins<br>Interview: Wolfgang Pomrehn Deutsche Welle, 22.1.2005<br>Kommentar<br><a rel=\"noreferrer noopener\" href=\"http:\/\/www.dw-world.de\/dw\/article\/0,1564,1468842,00.html\" target=\"_blank\">Eine andere Welt ist m\u00f6glich<\/a><br>Das Weltsozialforum war weit mehr als ein Jahrmarkt der &#8222;Gutmenschen&#8220;. Die Kritik an dem Treffen ist oft einseitig. Eine &#8222;andere Welt&#8220; ist keine Utopie. Gebraucht werden kreative Debatten, meint Thomas B\u00e4rthlein. Deutsche Welle, 20.1.2005<br>Kommentar<br><a rel=\"noreferrer noopener\" href=\"http:\/\/www.dw-world.de\/dw\/article\/0,1564,1092219,00.html\" target=\"_blank\">Aktivisten und Lobbyisten vereint<\/a><br>Nicht-Regierungsorganisationen sind die Hauptakteure auf dem Weltsozialforum. Sie verstehen sich als Gegenmacht zu Konzernen und Politikern, die einem freien Welthandel den Weg ebnen wollen. Ein Hintergrundbericht.<br><br>Thomas B\u00e4rthlein, z. Zt. Bombay Jungle-World, 19.1.2005<br><a href=\"http:\/\/www.jungle-world.de-html.com\/seiten\/2005\/03\/4704.php\" target=\"_blank\" rel=\"noreferrer noopener\">Der Akteur hat\u00b4s schwer<\/a><br>Am 26. Januar beginnt das f\u00fcnfte Weltsozialforum in Porto Alegre. Warum manche Globalisierungskritiker die Koffer packen und andere nicht, erkl\u00e4rt gottfried oy Jungle-World, 19.1.2005<br><a href=\"http:\/\/www.jungle-world.de-html.com\/seiten\/2005\/03\/4706.php\" target=\"_blank\" rel=\"noreferrer noopener\">V\u00f6lker, h\u00f6rt die Signale!<\/a><br>Die Themen in Porto Alegre<br>von carlos kunze<\/td><\/tr><\/tbody><\/table><\/figure>\n\n\n\n<p><a><\/a><\/p>\n\n\n\n<h3>Presseartikel zum Europ\u00e4ischen Sozialforum in London 2004<\/h3>\n\n\n\n<figure class=\"wp-block-table is-style-regular\"><table><tbody><tr><td><a rel=\"noreferrer noopener\" href=\"http:\/\/www.m-sf.de\/dokumente\/2004-10-europaeisches-sozialforum-buchholz.pdf\" target=\"_blank\">Eine andere Welt in London<\/a><br>Kritik am Tony Blairs Kriegskurs und Schlafen auf Isomatten im Millennium Dome: Das dritte Europ\u00e4ische Sozialforum<br>Von Christine Buchholz<br>Quelle: &nbsp; <a rel=\"noreferrer noopener\" href=\"http:\/\/publik-forum.de\/\" target=\"_blank\">Publik-Forum<\/a>, Zeitung kritischer Christen, Oberursel, Ausgabe Nr. 21\/2004 Neue Z\u00fcricher Zeitung, 18.10.2004<br><a rel=\"noreferrer noopener\" href=\"http:\/\/www.nzz.ch\/2004\/10\/18\/al\/page-article9XJ29.html\" target=\"_blank\">Europ\u00e4isches Sozialforum im teuren London<\/a><br>Ein Turm von Babel von Protestbewegungen junge Welt, 9.10.2004<br><a rel=\"noreferrer noopener\" href=\"http:\/\/www.jungewelt.de\/2004\/10-09\/020.php\" target=\"_blank\">ESF ohne Bewegung gegen Krieg undenkbar<\/a><br>Gespr\u00e4ch mit James Meadway: Europ\u00e4isches Sozialforum Mitte Oktober in London findte gro\u00dfe Resonanz bei der britischen Bev\u00f6lkerung<br>Interview: Christine Buchholz<br>junge Welt, 18.10.2004<br><a rel=\"noreferrer noopener\" href=\"http:\/\/www.jungewelt.de\/2004\/10-18\/004.php\" target=\"_blank\">70 000 in London gegen Krieg und Rassismus<\/a><br>Mit einer Gro\u00dfdemonstration endete das 3. Europ\u00e4ische Sozialforum.<br>Aufruf zu europaweitem Aktionswochenende im M\u00e4rz 2005<br>von: Christian Bunke, London<br>junge Welt, 26.10.2004<br><a rel=\"noreferrer noopener\" href=\"http:\/\/www.jungewelt.de\/2004\/10-26\/011.php\" target=\"_blank\">Gewerkschaften beim ESF<\/a><br>Europ\u00e4isches Sozialforum in London: Auch in Gro\u00dfbritannien wird heftig \u00fcber das Verh\u00e4ltnis zur neoliberal gewendeten Sozialdemokratie gestritten<br>Von: Hannes Heine \/ Stefan M\u00fcller<br><\/td><td><\/td><td>junge Welt, 29.10.2004<br><a rel=\"noreferrer noopener\" href=\"http:\/\/www.jungewelt.de\/2004\/10-29\/020.php\" target=\"_blank\">London nach Erfurt holen<\/a><br>Viel Streit beim Europ\u00e4ischen Sozialforum 2004: Wie geht es weiter? Gespr\u00e4ch mit Christine Buchholz<br>Interview: R\u00fcdiger G\ufffdbel<br>taz, 18.10.2004<br><a rel=\"noreferrer noopener\" href=\"http:\/\/www.taz.de\/pt\/2004\/10\/18\/a0113.nf\/text.ges,1\" target=\"_blank\">Gegen neoliberale EU<\/a><br>Das dritte Europ\u00e4ische Sozialforum beschloss, die Globalisierung nicht l\u00e4nger national zu bek\u00e4mpfen.<br>Von NIKOLAI FICHTNER<br>Neues Deutschland, 15.10.04<br><a rel=\"noreferrer noopener\" href=\"http:\/\/www.nd-online.de\/artikel.asp?AID=61325&amp;IDC=2\" target=\"_blank\">Es wird Impulse f\u00fcr neue Proteste geben.<\/a><br>Christine Buchholz \u00fcber ihre Erwartungen an die &#8222;politisch breiteste Veranstaltung, die es gibt&#8220;<br>Interview: Irene K\ufffdppe<br>DER STANDARD, 21.10.2004<br><a rel=\"noreferrer noopener\" href=\"http:\/\/derstandard.at\/?url=\/?id=1832253\" target=\"_blank\">Sozialforum einig gegen &#8222;neoliberale&#8220; EU<\/a><br>Kritik an \u00d6ffnung der Dienstleistungsm\u00e4rkte<br>Von Erhard Stackl<br><\/td><\/tr><\/tbody><\/table><\/figure>\n\n\n\n<p><a><\/a><\/p>\n\n\n\n<h3>Presseartikel zum Weltsozialforum in Mumbai, Indien 2004<\/h3>\n\n\n\n<figure class=\"wp-block-table is-style-regular\"><table><tbody><tr><td><a href=\"http:\/\/www.sueddeutsche.de\/app\/service\/suche\/index.html?q=Weltsozialforum&amp;wf=222210&amp;cat=&amp;ps=5\" target=\"_blank\" rel=\"noreferrer noopener\">S\u00fcddeutsche Zeitung<\/a> <a href=\"http:\/\/www.freitag.de\/2004\/04\/weltsozialforum.php\" target=\"_blank\" rel=\"noreferrer noopener\">Freitag<\/a> <a href=\"http:\/\/www.jungewelt.de\/beilage\/index.php?b_id=25\" target=\"_blank\" rel=\"noreferrer noopener\">Junge Welt<\/a><\/td><\/tr><\/tbody><\/table><\/figure>\n","protected":false},"excerpt":{"rendered":"<p>Presseartikel zum Sozialforum M\u00fcnchen junge welt, 14.10.2004&#8222;Sozialforum &#8211; mit Christen und Marxisten&#8220;Widerstand gegen EU-Verfassung ist zentrales Thema. Das Sozialforum M\u00fcnchen z\u00e4hlt 60 Gruppen.Ein Gespr\u00e4ch mit Luise Rauschmayer S\u00fcddeutsche Zeitung, 04.09.2004&#8222;Braucht M\u00fcnchen ein Sozialforum?&#8220;(Interview mit Luise Rauschmayer) M\u00fcnchner Stadtgespr\u00e4che, Dezember 2004&#8222;Sozialforum M\u00fcnchen gegr\u00fcndet &#8211; Eine bessere Welt m\u00f6glich machen&#8220;(Luise Rauschmayer) Presseartikel zum 1. Sozialforum in Deutschland, [&hellip;]<\/p>\n","protected":false},"author":1,"featured_media":0,"comment_status":"open","ping_status":"open","sticky":false,"template":"","format":"standard","meta":{"hide_page_title":""},"categories":[4],"tags":[],"_links":{"self":[{"href":"https:\/\/m-sf.de\/blog\/wp-json\/wp\/v2\/posts\/133"}],"collection":[{"href":"https:\/\/m-sf.de\/blog\/wp-json\/wp\/v2\/posts"}],"about":[{"href":"https:\/\/m-sf.de\/blog\/wp-json\/wp\/v2\/types\/post"}],"author":[{"embeddable":true,"href":"https:\/\/m-sf.de\/blog\/wp-json\/wp\/v2\/users\/1"}],"replies":[{"embeddable":true,"href":"https:\/\/m-sf.de\/blog\/wp-json\/wp\/v2\/comments?post=133"}],"version-history":[{"count":10,"href":"https:\/\/m-sf.de\/blog\/wp-json\/wp\/v2\/posts\/133\/revisions"}],"predecessor-version":[{"id":537,"href":"https:\/\/m-sf.de\/blog\/wp-json\/wp\/v2\/posts\/133\/revisions\/537"}],"wp:attachment":[{"href":"https:\/\/m-sf.de\/blog\/wp-json\/wp\/v2\/media?parent=133"}],"wp:term":[{"taxonomy":"category","embeddable":true,"href":"https:\/\/m-sf.de\/blog\/wp-json\/wp\/v2\/categories?post=133"},{"taxonomy":"post_tag","embeddable":true,"href":"https:\/\/m-sf.de\/blog\/wp-json\/wp\/v2\/tags?post=133"}],"curies":[{"name":"wp","href":"https:\/\/api.w.org\/{rel}","templated":true}]}}