{"id":242,"date":"2023-01-12T14:53:20","date_gmt":"2023-01-12T13:53:20","guid":{"rendered":"http:\/\/m-sf.de\/blog\/?p=242"},"modified":"2023-01-12T14:53:20","modified_gmt":"2023-01-12T13:53:20","slug":"veranstaltungen-oktober-bis-dezember-2014","status":"publish","type":"post","link":"https:\/\/m-sf.de\/blog\/2023\/01\/12\/veranstaltungen-oktober-bis-dezember-2014\/","title":{"rendered":"Veranstaltungen Oktober bis Dezember 2014"},"content":{"rendered":"\n<h3><\/h3>\n\n\n\n<figure class=\"wp-block-table\"><table class=\"has-fixed-layout\"><tbody><tr><td><a><\/a> <strong>Dezember 2014<\/strong><\/td><\/tr><tr><td><strong>Donnerstag, 4. Dezember<\/strong><br>19:00<br>EineWeltHaus<br>Gro\u00dfer Saal E01<\/td><td><strong>Extreme Rechte und Rechtspopulismus in Europa<\/strong><br>mit Elisabeth Gauthier (Paris), Vorstandsmitglied im Wissensnetzwerk transform! Europe Das Ergebnis der Europawahl markiert den \u00dcbergang in eine neue Phase der \u00bbEurokrise\u00ab. Mit dem Erstarken der Rechtspopulisten und der extremen Rechten wird auch die politische Krise Europas verst\u00e4rkt sichtbar. So hat in Frankreich die rechtsextreme Front National mit 25 Prozent der Stimmen erstmals in einem nationalen Wahlgang sowohl die b\u00fcrgerliche UMP (21 Prozent) als auch die Sozialistische Partei (14 Prozent) hinter sich gelassen. In Deutschland holte die rechtspopulistische AfD mit sieben Prozent sieben Mandate im Europ\u00e4ischen Parlament und befindet sich weiter im Aufwind; in Ungarn kam die neofaschistische Jobbik-Partei auf rund 20 Prozent bei der Wahl im April;.. . Dieser Aufschwung der extremen Rechten verl\u00e4uft vor dem Hintergrund einer autorit\u00e4ren Wendung des neoliberalen Projekts der europ\u00e4ischen Integration. Gleichzeitig hat die Austerit\u00e4tspolitik zu einer tiefen sozialen Krise in Europa gef\u00fchrt. \u00dcberall in Europa wird ein Krieg der Armen gegen die Armen entfacht. Auf diesem Boden gedeihen Nationalismus, Egoismus und Ausl\u00e4nderhass. Elisabeth Gauthier wird u.a. eine Studie von Autoren aus verschiedenen europ\u00e4ischen L\u00e4ndern \u00fcber das Erstarken der rechtspopulistischer Parteien und der extremen Rechten vorstellen. Flyer Veranstalter:<br>Europ\u00e4ische Linke in M\u00fcnchen<\/td><\/tr><tr><td><strong>Freitag, 5. Dezember<\/strong><br>18:00 bis 20:30<br>DGB-Haus<br>Ludwig-Koch-Saal<\/td><td>Ein Abend mit Informations- und Begegnungsstationen, Diskussionen und Austausch \u00fcber Perspektiven<br><strong>Menschenrechte \u2013 auch f\u00fcr Fl\u00fcchtlinge?<\/strong><br>Menschenrechte scheinen hierzulande selbstverst\u00e4ndlich. Wie sieht es vor diesem Hintergrund mit der Situation von Fl\u00fcchtlingen aus? Aus Anlass des Tags der Menschenrechte laden wir alle Interessierten ein, mit Vertretern von Initiativen aus dem Fl\u00fcchtlingsbereich zu sprechen, deren Arbeit kennenzulernen, sich zu vernetzen, zu diskutieren und auf neue Ideen zu kommen. Einf\u00fchrung zum Thema Menschenrechte und Fl\u00fcchtlinge, Barbara Lochbihler (MdEP) Informations- und Begegnungsstationen:<br>Recht auf Information: M\u00fcnchner Fl\u00fcchtlingsrat<br>Recht auf ein faires Verfahren: Refugee Law Clinic Munich<br>Recht auf Gesundheit: Refugio M\u00fcnchen<br>Recht auf Nahrung: FIAN Lokalgruppe M\u00fcnchen<br>Recht auf Bildung: SchlaU Schule<br>Recht auf Arbeit: DGB-Bildungswerk Bayern<br>Recht auf kulturelle Teilhabe: Create your Voice Flyer Veranstalter:<br>Refugee Law Clinic, FIAN, M\u00fcnchner Fl\u00fcchtlingsrat, Amnesty International u.a.<\/td><\/tr><tr><td><strong>Sonntag, 7. Dezember<\/strong><br>11:00<br>Seidlvilla <a href=\"file:\/\/\/C:\/Users\/User\/Desktop\/sozi_test\/m-sf-Dateien%20f%C3%BCr%20Hans-Peter\/archiv-aktuell-2014-10-12.php#orte\"><\/a><\/td><td>Jahresabschlussveranstaltung mit Lesung<br><strong>Vom bayerischen Schwejk und anderen denkw\u00fcrdigen Begegnungen<\/strong><br>Im Juli 1934, wenige Tage nach der Ermordung von Ernst R\u00f6hm und zahlreichen weiteren SA-Funktion\u00e4ren durch die SS, reist der tschechische Journalist und Schriftsteller Julius Fucik illegal \u00fcber die b\u00f6hmisch-bayerische Grenze nach M\u00fcnchen. Er will pr\u00fcfen, welche Situation f\u00fcr den antifaschistischen Widerstand durch die Machtverschiebungen innerhalb des NS-Regimes entstanden ist&#8230;. Aus Julius Fuciks Reportage \u201eEine Reise nach M\u00fcnchen \u2013 Juli 1934\u201c liest Arik Seils.<br>Mit Enrico Sartori, Klarinette, und Christofer Varner, Posaune Flyer Veranstalter:<br>Vereinigung der Verfolgten des Naziregimes \u2013 Bund der Antifaschistinnen und Antifaschisten<br>Kreisverband M\u00fcnchen<\/td><\/tr><tr><td> <strong>Montag, 8. Dezember<\/strong><br>19:00<br>KDA<\/td><td><strong>offenes Plenum Sozialforum M\u00fcnchen gemeinsam mit Forum Eurokrise<br>10 Jahre Sozialforum M\u00fcnchen<\/strong><br>Zu dem Plenum sind alle eingeladen.<br>Einladung Veranstalter:<br>Sozialforum M\u00fcnchen<\/td><\/tr><tr><td><strong>Mittwoch, 10. Dezember<\/strong><br>19:00<br>EineWeltHaus<br>Gro\u00dfer Saal E01<\/td><td>Zum internationalen Tag der Menschenrechte<br><strong>Menschenrechte in Pal\u00e4stina?<\/strong><br>Referenten:<br>Annette Groth, Bundestagsabgeordnete der Partei DIE LINKE<br>Shir Hever, Israeli, Autor des Buches \u201eDie politische \u00d6konomie der israelischen Besatzung. Unterdr\u00fcckung \u00fcber die Ausbeutung hinaus\u201c, K\u00f6ln 2014 Flugblatt Veranstalter:<br>Landesarbeitsgemeinschaft Frieden und Internationale Politik in der Partei DIE LINKE<br>SALAM SHALOM Arbeitskreis Pal\u00e4stina-Israel e.V.<\/td><\/tr><tr><td><strong>Montag, 22. Dezember<\/strong><br>18:00<br>Max-Joseph-Platz<\/td><td>Kundgebung<br><strong>Platz Da?! \u2013 Fl\u00fcchtlinge sind hier willkommen!<br>Gemeinsam gegen Pegida, Rassismus &amp; Hetze!<\/strong><br>Asylheime brennen und der rechte Mob macht immer unertr\u00e4glicher Stimmung gegen Fl\u00fcchtlinge &amp; MigrantInnen. H\u00f6chste Zeit dagegen ein deutliches Zeichen zu setzen! Deshalb rufen wir, das B\u00fcndnis Bellevue die Monaco zu einer gro\u00dfen gemeinsamen Kundgebung am 22.12.14 auf den Max-Josef-Platz vor die Staatsoper! <a href=\"http:\/\/bellevuedimonaco.de\/aktuelles\/\" target=\"_blank\" rel=\"noreferrer noopener\">Infos<\/a> Veranstalter:<br><a href=\"http:\/\/bellevuedimonaco.de\/\" target=\"_blank\" rel=\"noreferrer noopener\">B\u00fcndnis Bellevue di Monaco<\/a><\/td><\/tr><tr><td><a><\/a> <strong>November 2014<\/strong><\/td><\/tr><tr><td> <strong>Montag, 10. November<\/strong><br><strong>19:00<\/strong><br>EineWeltHaus<\/td><td><strong>offenes Plenum Sozialforum M\u00fcnchen<\/strong><br>Zu dem Plenum sind alle eingeladen.<br>Veranstalter:<br>Sozialforum M\u00fcnchen<\/td><\/tr><tr><td><strong>Dienstag, 18. November<\/strong><br>19:00<br>DGB-Haus<\/td><td>M\u00fcnchner Friedenswochen 2014<br><strong>Warum Deutschland Waffen und R\u00fcstungsg\u00fcter exportiert<\/strong><br>Vortrag und Diskussion Ausgehend von einer knappen Bestandsaufnahme des Umfangs der deutschen Waffenexporte wird die bekannte R\u00fcstungs- und Friedensforscherin Claudia Haydt die h\u00e4ufigsten, auch medial breit gestreuten Argumente der Export-Bef\u00fcrworter kritisch pr\u00fcfen. Referentin: Claudia Haydt, IMI Veranstalter:<br>offene Landesarbeitsgemeinschaft Frieden und internat. Politik der LINKEN<br>und GEW M\u00fcnchen<\/td><\/tr><tr><td><strong>Freitag, 21. November<\/strong><br>19:30<br>EineWeltHaus<\/td><td>M\u00fcnchner Friedenswochen 2014<br><strong>Deutscher Militarismus vom Kaiserreich bis heute und deutsche Interessen am Krieg<\/strong><br>Vortrag mit Diskussion von Dr. Detlef Bald, Publizist, Historiker, Milit\u00e4rexperte und Friedensforscher &#8222;Ideen von 1914&#8220; \/ &#8222;Kultur der Zur\u00fcckhaltung&#8220; nach 1945 \/ &#8222;Globale Ordnungspolitik&#8220; heute Flyer Veranstalter:<br><a rel=\"noreferrer noopener\" href=\"http:\/\/www.muenchner-friedensbuendnis.de\/\" target=\"_blank\">M\u00fcnchner Friedensb\u00fcndnis<\/a><\/td><\/tr><tr><td><strong>Freitag, 21. November<\/strong><br>20:00<br>Kulturhaus Milbertshofen<\/td><td><strong>Michael Lerchenberg &amp; Hans Well<br>Das Rote Bayern: die M\u00fcnchner R\u00e4terepublik 1918\/19<\/strong><br>Lesung mit Musik und Liedern von Michael Lerchenberg, Hans Well und den \u201eWellbappn\u201c Infos<br>Flyer Veranstalter:<br><a rel=\"noreferrer noopener\" href=\"http:\/\/www.stueckundwerke.de\/\" target=\"_blank\">St\u00fcck&amp;Werke GbR<\/a><\/td><\/tr><tr><td><strong>Samstag, 22. November<\/strong><br>18:00<br>Katholische Hochschulgemeinde<\/td><td>M\u00fcnchner Friedenswochen 2014<br>Politisches Samstagsgebet<br><strong>Befreit zum Widerstehen &#8211; Friedensdekade im Gedenkjahr 2014<\/strong> Unser Referent: Richard Strodel, evangelischer Seelsorger in der JVA Stadelheim Flyer<br><a rel=\"noreferrer noopener\" href=\"http:\/\/www.politisches-samstagsgebet.de\/\" target=\"_blank\">mehr&#8230;.<\/a> Veranstalter:<br><a rel=\"noreferrer noopener\" href=\"http:\/\/www.politisches-samstagsgebet.de\/\" target=\"_blank\">Tr\u00e4gerkreis Politisches Samstagsgebet<\/a><\/td><\/tr><tr><td><strong>Montag, 24. November<\/strong><br>19:30<br>EineWeltHaus<br>(Kleiner Saal 211\/212)<\/td><td>Attac-Palaver<br><strong>Wege in eine menschliche Wirtschaft<\/strong><br>Vortrag mit Diskussion Referent: Dr. Christian Krei\u00df, Prof. f\u00fcr Finanzierung, Hochschule Aalen, ehemaliger Investmentbanker, Autor der B\u00fccher \u201eProfitwahn \u2013 Warum sich eine menschengerechtere Wirtschaft lohnt\u201c, und \u201eGeplanter Verschlei\u00df \u2013 Wie die Industrie uns zu immer mehr und immer schnellerem Konsum antreibt\u201c Im ersten Teil werden ung\u00fcnstige wirtschaftliche und gesellschaftliche Entwicklungen aufgezeigt, die das soziale Leben erschweren und unter anderem zur Finanz-, Eurokrise und der derzeit labilen wirtschaftlichen Lage gef\u00fchrt haben. Dabei wird auch auf die geistigen und weltanschaulichen Hintergr\u00fcnde eingegangen. Im zweiten Teil werden Wege aufgezeigt, wie wir zu einer menschengerechten Wirtschaft und Gesellschaft kommen k\u00f6nnen. Dabei stellen sich die Fragen: Was k\u00f6nnen wir gemeinsam tun? Was kann jeder Einzelne tun? <a href=\"http:\/\/www.attac-muenchen.org\/termine\/cal\/event\/\/\/tx_cal_phpicalendar\/\/Attac_Palaver_Die_Macht_des_Geldes_Eine_Reformdiskussion_jenseits_von_Glaubensbekenntnissen-1\/?no_cache=1&amp;tx_cal_controller[year]=2014&amp;tx_cal_controller[month]=11&amp;tx_cal_controller[day]=24&amp;cHash=d570f61d396b177eb0f1cebb73c654b2\" target=\"_blank\" rel=\"noreferrer noopener\">mehr&#8230;.<\/a> Veranstalter:<br><a href=\"http:\/\/www.attac-muenchen.org\/\" target=\"_blank\" rel=\"noreferrer noopener\">Attac M\u00fcnchen<\/a><\/td><\/tr><tr><td><strong>Mittwoch, 26. November<\/strong><br>19:30<br>EineWeltHaus<\/td><td>M\u00fcnchner Friedenswochen 2014<br><strong>Die Drohnenfalle<br>oder &#8222;Die Bedrohung durch Drohnen&#8220;<\/strong><br>Podiumsdiskussion<br>Videozitate zeigen &#8222;Branchenbeispiele&#8220;<br>Dazu gibt es Infos zur &#8222;BI Keine Drohnen in der Oberpfalz&#8220;. ReferentInnen:<br>Thomas Mickan, <a href=\"http:\/\/www.imi-online.de\/\" target=\"_blank\" rel=\"noreferrer noopener\">IMI<\/a> und <a href=\"http:\/\/www.drohnen-campagne.de\/\" target=\"_blank\" rel=\"noreferrer noopener\">www.drohnen-campagne.de<\/a><br>Antonia Tretter, Dramaturgiestudentin<br>Fintan Bolton, <a href=\"http:\/\/www.bifa-muenchen.de\/\" target=\"_blank\" rel=\"noreferrer noopener\">BIFA<\/a><br>Moderation: Ursula Dersch, BIFA <a href=\"http:\/\/bifa-muenchen.de\/bf2014\/BIFA-Drohnenfalle-A4Flyer1s.pdf\" target=\"_blank\" rel=\"noreferrer noopener\">Flyer<\/a> Veranstalter:<br><a href=\"http:\/\/www.bifa-muenchen.de\/\" target=\"_blank\" rel=\"noreferrer noopener\">M\u00fcnchner B\u00fcrgerinitiative f\u00fcr Frieden und Abr\u00fcstung (BIFA)<\/a><\/td><\/tr><tr><td><a><\/a> <strong>Oktober 2014<\/strong><\/td><\/tr><tr><td> <strong>Montag, 13. Oktober<\/strong><br><strong>19:00<\/strong><br>EineWeltHaus<\/td><td><strong>offenes Plenum Sozialforum M\u00fcnchen<\/strong><br>Zu dem Plenum sind alle eingeladen.<br>Veranstalter:<br>Sozialforum M\u00fcnchen<\/td><\/tr><tr><td><strong>Freitag, 17. Oktober<\/strong><br>ab 10 Uhr<br>Dauerkundgebung<br>Rindermarkt <strong>Samstag, 18. Oktober<\/strong><br>13 Uhr<br>Demo<br>ab Rindermarkt<\/td><td>Demo-Aufruf<br><strong>Solidarit\u00e4t mit dem Widerstand von Kobane &#8211; gegen den faschistischen Terror des Islamischen Staates!<\/strong> Aufruf<br>Infos Veranstalter:<br>M\u00fcnchner Soli-B\u00fcndnis f\u00fcr Rojava<\/td><\/tr><\/tbody><\/table><\/figure>\n\n\n\n<figure class=\"wp-block-image\"><img src=\"\" alt=\"Ende\"\/><\/figure>\n","protected":false},"excerpt":{"rendered":"<p>Dezember 2014 Donnerstag, 4. Dezember19:00EineWeltHausGro\u00dfer Saal E01 Extreme Rechte und Rechtspopulismus in Europamit Elisabeth Gauthier (Paris), Vorstandsmitglied im Wissensnetzwerk transform! Europe Das Ergebnis der Europawahl markiert den \u00dcbergang in eine neue Phase der \u00bbEurokrise\u00ab. Mit dem Erstarken der Rechtspopulisten und der extremen Rechten wird auch die politische Krise Europas verst\u00e4rkt sichtbar. So hat in Frankreich [&hellip;]<\/p>\n","protected":false},"author":1,"featured_media":0,"comment_status":"open","ping_status":"open","sticky":false,"template":"","format":"standard","meta":{"hide_page_title":""},"categories":[4],"tags":[],"_links":{"self":[{"href":"https:\/\/m-sf.de\/blog\/wp-json\/wp\/v2\/posts\/242"}],"collection":[{"href":"https:\/\/m-sf.de\/blog\/wp-json\/wp\/v2\/posts"}],"about":[{"href":"https:\/\/m-sf.de\/blog\/wp-json\/wp\/v2\/types\/post"}],"author":[{"embeddable":true,"href":"https:\/\/m-sf.de\/blog\/wp-json\/wp\/v2\/users\/1"}],"replies":[{"embeddable":true,"href":"https:\/\/m-sf.de\/blog\/wp-json\/wp\/v2\/comments?post=242"}],"version-history":[{"count":1,"href":"https:\/\/m-sf.de\/blog\/wp-json\/wp\/v2\/posts\/242\/revisions"}],"predecessor-version":[{"id":243,"href":"https:\/\/m-sf.de\/blog\/wp-json\/wp\/v2\/posts\/242\/revisions\/243"}],"wp:attachment":[{"href":"https:\/\/m-sf.de\/blog\/wp-json\/wp\/v2\/media?parent=242"}],"wp:term":[{"taxonomy":"category","embeddable":true,"href":"https:\/\/m-sf.de\/blog\/wp-json\/wp\/v2\/categories?post=242"},{"taxonomy":"post_tag","embeddable":true,"href":"https:\/\/m-sf.de\/blog\/wp-json\/wp\/v2\/tags?post=242"}],"curies":[{"name":"wp","href":"https:\/\/api.w.org\/{rel}","templated":true}]}}