{"id":248,"date":"2023-01-12T15:04:32","date_gmt":"2023-01-12T14:04:32","guid":{"rendered":"http:\/\/m-sf.de\/blog\/?p=248"},"modified":"2023-01-12T15:04:32","modified_gmt":"2023-01-12T14:04:32","slug":"veranstaltungen-januar-bis-maerz-2014","status":"publish","type":"post","link":"https:\/\/m-sf.de\/blog\/2023\/01\/12\/veranstaltungen-januar-bis-maerz-2014\/","title":{"rendered":"Veranstaltungen Januar bis M\u00e4rz 2014"},"content":{"rendered":"\n<figure class=\"wp-block-table\"><table class=\"has-fixed-layout\"><tbody><tr><td><strong>M\u00e4rz 2014<\/strong><\/td><\/tr><tr><td> <strong>Montag, 10. M\u00e4rz<\/strong><br><strong>19:00<\/strong><br>EineWeltHaus<\/td><td><strong>offenes Plenum Sozialforum M\u00fcnchen<br><\/strong><br>Einladung Zu dem Plenum sind alle eingeladen.<br>Veranstalter:<br>Sozialforum M\u00fcnchen<\/td><\/tr><tr><td> <strong>Mittwoch, 19. M\u00e4rz<\/strong><br>18:00<br>kda\/ afa, Schwanthalerstr. 91<\/td><td><strong>Welche Interessen stehen hinter den Auslandseins\u00e4tzen der Bundeswehr?<\/strong><br>Die Bundeswehr wird seit Jahren im Ausland eingesetzt. Wie es neuerdings auch hei\u00dft, sie f\u00fchrt dort &#8222;Krieg&#8220;. Auch ist eine gro\u00dfe Umstrukturierung der Milit\u00e4r- und Ministeriumsstrukturen in Gang gesetzt worden, um die Bundeswehr effektiver zu machen: &#8222;Einsatz&#8220; ist das oberste Ziel. Die Zahl dieser Einsatztruppen soll verdoppelt werden. Nun ist es schon ein Problem, &#8222;Kriege&#8220; zu f\u00fchren, um Frieden herzustellen oder Menschenrechte durchzusetzen, wie zuletzt der Kampf in Afghanistan gezeigt hat. Aber: was sind die Ziele, die den Einsatzauftr\u00e4gen zu Grunde liegen? Daf\u00fcr geben die wichtigen Dokumente der Bundeswehr Aufschluss: einer der wichtigsten Gr\u00fcnde und Anl\u00e4sse f\u00fcr die Eins\u00e4tze ist wirtschaftlicher Art: Sicherung der \u00f6konomische Ressourcen, vor allem der Handelsrouten und der Rohstoffe. Referent: Dr. Detlef Bald, Milit\u00e4rhistoriker Veranstalter:<br>Kirchlicher Dienst in der Arbeitswelt der Evang.-Luth. Kirche in Bayern<\/td><\/tr><tr><td><strong>Samstag, 29. M\u00e4rz<\/strong><br>18:00<br>Katholische Hochschulgemeinde<\/td><td>Politisches Samstagsgebet<br><strong>Freihandelsabkommen &#8211; Vorteile f\u00fcr wen?<br>Konzerne profitieren &#8211; Menschen verlieren.<\/strong> Unter Ausschluss der \u00d6ffentlichkeit verhandeln die EU-Kommission und die USA ein neues Abkommen unter der Abk\u00fcrzung TTIP (Transatlantische Handels- und Investitionspartnerschaft). Obwohl weder dem EU-Parlament noch nationalen Parlamenten Einblick in das Handelsmandat der EU-Kommission gew\u00e4hrt wurde, ist inzwischen jedoch einiges durchgesickert: Das Mandat umfasst nicht nur den Abbau von Z\u00f6llen, sondern vor allem so genannte \u201enicht-tarif\u00e4re Handelshemmnisse\u201c.<br>Damit sind Gesetze gemeint, die dem Schutz der Verbraucher und der Umwelt dienen, die aber aus Sicht der Freihandels-Theoretiker eine Erschwernis des internationalen Waren- und Dienstleistungsverkehrs darstellen. Gegen diesen Anschlag auf die Demokratie gibt es jedoch beidseits des Atlantiks Widerstand. In Deutschland hat sich ein B\u00fcndnis gegen TTIP gebildet, bestehend aus \u00fcber 40 NGOs. Unser Referent: Achim Brandt, Dr.-Ing.; ehemals aktiv bei \u201eChristen f\u00fcr gerechte Wirtschaft\u201c CGW, seit 2002 bei Attac M\u00fcnchen, seit 2011 Organisator des monatlichen \u201eAttac-Palavers\u201c im Eine-Welt-Haus, mitbeteiligt an Attac-Sendungen auf Radio LORA 92,4, seit Mitte 2013 Mitarbeit in der Projektgruppe \u201eFreihandelsfalle\u201c bei Attac M\u00fcnchen. geistlicher Impuls: Wolf-Christion Linhardt, Arbeiterpfarrer im M\u00fcnchner Stadtteil Hasenbergl Flyer Veranstalter:<br><a rel=\"noreferrer noopener\" href=\"http:\/\/www.politisches-samstagsgebet.de\/\" target=\"_blank\">Das politische Samstagsgebet<\/a><\/td><\/tr><tr><td><strong>Montag, 31. M\u00e4rz<\/strong><br>19:30<br>EineWeltHaus<br>(Gro\u00dfer Saal)<\/td><td>Attac-Palaver<br><strong>Europa in schlechter Verfassung.<br>Kritik am Demokratiedefizit vor den EU-Wahlen<\/strong><br>Film und Diskussion Am 25. Mai ist Europaparlamentswahl. Attac zeigt daher im Vorfeld einen Film mit kritischen Stimmen zur EU-Verfassung, die 2007 durch die Hintert\u00fcr als \u201eVertrag von Lissabon\u201c eingef\u00fchrt wurde. Der Vertrag gibt der EU-Kommission das alleinige Recht zur Gesetzesvorlage; das Parlament darf nur zustimmen. Der Vertrag erm\u00e4chtigt die Kommissare zu geheimen Handelsgespr\u00e4chen (z.B. aktuell \u00fcber das EU-USA Handelsabkommen TTIP). Er beinhaltet eine neoliberale Ausrichtung der Wirtschaft und eine Ausweitung der Milit\u00e4rausgaben. Im Anschluss an den Film werden wir dessen Aussagen zusammenfassen, die aktuelle wirtschaftliche und politische Lage in der EU besprechen, und mit den Anwesenden \u00fcber m\u00f6gliche Folgerungen f\u00fcr die anstehenden EU-Wahlen diskutieren. Veranstalter:<br><a href=\"http:\/\/www.attac-muenchen.org\/\" target=\"_blank\" rel=\"noreferrer noopener\">Attac M\u00fcnchen<\/a><\/td><\/tr><tr><td><a><\/a> <strong>Februar 2014<\/strong><\/td><\/tr><tr><td> <strong>Montag, 10. Februar<\/strong><br><strong>19:00<\/strong><br>EineWeltHaus<\/td><td><strong>offenes Plenum Sozialforum M\u00fcnchen<br><\/strong><br>Zu dem Plenum sind alle eingeladen.<br>Veranstalter:<br>Sozialforum M\u00fcnchen<\/td><\/tr><tr><td><a><\/a> <strong>Januar 2014<\/strong><\/td><\/tr><tr><td> Achtung Termin\u00e4nderung!<br><strong>Montag, 20. Januar<\/strong><br><strong>19:00<\/strong><br>EineWeltHaus<\/td><td><strong>offenes Plenum Sozialforum M\u00fcnchen<br><\/strong><br>Zu dem Plenum sind alle eingeladen.<br>Einladung Veranstalter:<br>Sozialforum M\u00fcnchen<\/td><\/tr><\/tbody><\/table><\/figure>\n\n\n\n<figure class=\"wp-block-image\"><img src=\"\" alt=\"Ende\"\/><\/figure>\n","protected":false},"excerpt":{"rendered":"<p>M\u00e4rz 2014 Montag, 10. M\u00e4rz19:00EineWeltHaus offenes Plenum Sozialforum M\u00fcnchenEinladung Zu dem Plenum sind alle eingeladen.Veranstalter:Sozialforum M\u00fcnchen Mittwoch, 19. M\u00e4rz18:00kda\/ afa, Schwanthalerstr. 91 Welche Interessen stehen hinter den Auslandseins\u00e4tzen der Bundeswehr?Die Bundeswehr wird seit Jahren im Ausland eingesetzt. Wie es neuerdings auch hei\u00dft, sie f\u00fchrt dort &#8222;Krieg&#8220;. Auch ist eine gro\u00dfe Umstrukturierung der Milit\u00e4r- und Ministeriumsstrukturen [&hellip;]<\/p>\n","protected":false},"author":1,"featured_media":0,"comment_status":"open","ping_status":"open","sticky":false,"template":"","format":"standard","meta":{"hide_page_title":""},"categories":[4],"tags":[],"_links":{"self":[{"href":"https:\/\/m-sf.de\/blog\/wp-json\/wp\/v2\/posts\/248"}],"collection":[{"href":"https:\/\/m-sf.de\/blog\/wp-json\/wp\/v2\/posts"}],"about":[{"href":"https:\/\/m-sf.de\/blog\/wp-json\/wp\/v2\/types\/post"}],"author":[{"embeddable":true,"href":"https:\/\/m-sf.de\/blog\/wp-json\/wp\/v2\/users\/1"}],"replies":[{"embeddable":true,"href":"https:\/\/m-sf.de\/blog\/wp-json\/wp\/v2\/comments?post=248"}],"version-history":[{"count":1,"href":"https:\/\/m-sf.de\/blog\/wp-json\/wp\/v2\/posts\/248\/revisions"}],"predecessor-version":[{"id":249,"href":"https:\/\/m-sf.de\/blog\/wp-json\/wp\/v2\/posts\/248\/revisions\/249"}],"wp:attachment":[{"href":"https:\/\/m-sf.de\/blog\/wp-json\/wp\/v2\/media?parent=248"}],"wp:term":[{"taxonomy":"category","embeddable":true,"href":"https:\/\/m-sf.de\/blog\/wp-json\/wp\/v2\/categories?post=248"},{"taxonomy":"post_tag","embeddable":true,"href":"https:\/\/m-sf.de\/blog\/wp-json\/wp\/v2\/tags?post=248"}],"curies":[{"name":"wp","href":"https:\/\/api.w.org\/{rel}","templated":true}]}}