{"id":250,"date":"2023-01-14T15:58:51","date_gmt":"2023-01-14T14:58:51","guid":{"rendered":"http:\/\/m-sf.de\/blog\/?p=250"},"modified":"2023-01-14T15:58:51","modified_gmt":"2023-01-14T14:58:51","slug":"veranstaltungen-oktober-bis-dezember-2013","status":"publish","type":"post","link":"https:\/\/m-sf.de\/blog\/2023\/01\/14\/veranstaltungen-oktober-bis-dezember-2013\/","title":{"rendered":"Veranstaltungen Oktober bis Dezember 2013"},"content":{"rendered":"\n<figure class=\"wp-block-table\"><table class=\"has-fixed-layout\"><tbody><tr><td><strong>Dezember 2013<\/strong><\/td><\/tr><tr><td><strong>Dienstag, 3. Dezember<\/strong><br>19:00<br>EineWeltHaus<\/td><td>Vortrag mit Diskussion<br><strong>\u201eWohin treibt Syrien?\u201c<\/strong> Der Kampf der syrischen Bev\u00f6lkerung gegen die blutige Diktatur des seit 1971 herrschenden Assad-Clans hat inzwischen weit \u00fcber 100&nbsp;000&nbsp;Todesopfer gefordert; \u00fcber zwei Millionen Menschen sind ins Ausland geflohen. Viele Beobachter analysieren den Krieg unter geopolitischen Vorzeichen, weil das Regime von Seiten des Iran und Russlands Hilfe erh\u00e4lt, die Rebellen jedoch teilweise von Saudi-Arabien, Katar und indirekt den USA unterst\u00fctzt werden. Dabei wird unterschlagen, dass nach den gro\u00dfen Mobilisierungen f\u00fcr demokratische und soziale Rechte, auf die das Regime mit Waffengewalt antwortete, in den befreiten Gebieten \u201eVolkskomitees\u201c aufgebaut wurden, die den Staat auf zahlreichen Gebieten, so dem Schulwesen, der Versorgung der Kranken, der Versorgung der Bev\u00f6lkerung mit Lebensmitteln, Wasser und Strom ersetzt haben. Gegen diese Formen der Selbsthilfe und der Selbstorganisation richtete sich die Wut des Regimes mit besonderer Brutalit\u00e4t. Die demokratische und sozialistische Opposition gegen das Assad-Regime k\u00e4mpft f\u00fcr Emanzipation durch soziale Gerechtigkeit und lehnt jede Form des Konfessionalismus oder Islamismus ab. Der Referent Dr. Ghayath Naisse praktizierte als Arzt in Damaskus und wurde als Gr\u00fcndungsmitglied des Komitees zur Verteidigung der demokratischen Rechte in Syrien vom Regime verfolgt. Er musste fliehen und lebt im Augenblick in Paris. Er wird \u00fcber die Lage in Syrien, vor allem aber \u00fcber den demokratischen Kampf des syrischen Volkes gegen die Diktatur und f\u00fcr Selbstbestimmung und Selbstverwaltung berichten. Veranstalter:<br><a href=\"http:\/\/www.nordsuedforum.de\/\" target=\"_blank\" rel=\"noreferrer noopener\">Nord S\u00fcd Forum M\u00fcnchen e.V.<\/a><br>und <a href=\"https:\/\/www.facebook.com\/events\/1439304762955604\/\" target=\"_blank\" rel=\"noreferrer noopener\">Verein f\u00fcr solidarische Perspektiven e.V.<\/a><\/td><\/tr><tr><td> <strong>Montag, 9. Dezember<\/strong><br><strong>19:00<\/strong><br>EineWeltHaus<\/td><td><strong>offenes Plenum Sozialforum M\u00fcnchen<br><\/strong><br>Zu dem Plenum sind alle eingeladen.<br>Veranstalter:<br>Sozialforum M\u00fcnchen<\/td><\/tr><tr><td><a><\/a> <strong>November 2013<\/strong><\/td><\/tr><tr><td> <strong>Montag, 11. November<\/strong><br><strong>19:00<\/strong><br>EineWeltHaus<\/td><td><strong>offenes Plenum Sozialforum M\u00fcnchen<br><\/strong><br>Zu dem Plenum sind alle eingeladen.<br>Veranstalter:<br>Sozialforum M\u00fcnchen<\/td><\/tr><tr><td><a><\/a> <strong>Oktober 2013<\/strong><\/td><\/tr><tr><td> <strong>Montag, 14. Oktober<\/strong><br><strong>19:00<\/strong><br>EineWeltHaus<\/td><td><strong>offenes Plenum Sozialforum M\u00fcnchen<br><\/strong><br>Zu dem Plenum sind alle eingeladen.<br>Veranstalter:<br>Sozialforum M\u00fcnchen<\/td><\/tr><\/tbody><\/table><\/figure>\n\n\n\n<figure class=\"wp-block-image\"><img src=\"\" alt=\"Ende\"\/><\/figure>\n","protected":false},"excerpt":{"rendered":"<p>Dezember 2013 Dienstag, 3. Dezember19:00EineWeltHaus Vortrag mit Diskussion\u201eWohin treibt Syrien?\u201c Der Kampf der syrischen Bev\u00f6lkerung gegen die blutige Diktatur des seit 1971 herrschenden Assad-Clans hat inzwischen weit \u00fcber 100&nbsp;000&nbsp;Todesopfer gefordert; \u00fcber zwei Millionen Menschen sind ins Ausland geflohen. Viele Beobachter analysieren den Krieg unter geopolitischen Vorzeichen, weil das Regime von Seiten des Iran und Russlands [&hellip;]<\/p>\n","protected":false},"author":1,"featured_media":0,"comment_status":"open","ping_status":"open","sticky":false,"template":"","format":"standard","meta":{"hide_page_title":""},"categories":[4],"tags":[],"_links":{"self":[{"href":"https:\/\/m-sf.de\/blog\/wp-json\/wp\/v2\/posts\/250"}],"collection":[{"href":"https:\/\/m-sf.de\/blog\/wp-json\/wp\/v2\/posts"}],"about":[{"href":"https:\/\/m-sf.de\/blog\/wp-json\/wp\/v2\/types\/post"}],"author":[{"embeddable":true,"href":"https:\/\/m-sf.de\/blog\/wp-json\/wp\/v2\/users\/1"}],"replies":[{"embeddable":true,"href":"https:\/\/m-sf.de\/blog\/wp-json\/wp\/v2\/comments?post=250"}],"version-history":[{"count":1,"href":"https:\/\/m-sf.de\/blog\/wp-json\/wp\/v2\/posts\/250\/revisions"}],"predecessor-version":[{"id":251,"href":"https:\/\/m-sf.de\/blog\/wp-json\/wp\/v2\/posts\/250\/revisions\/251"}],"wp:attachment":[{"href":"https:\/\/m-sf.de\/blog\/wp-json\/wp\/v2\/media?parent=250"}],"wp:term":[{"taxonomy":"category","embeddable":true,"href":"https:\/\/m-sf.de\/blog\/wp-json\/wp\/v2\/categories?post=250"},{"taxonomy":"post_tag","embeddable":true,"href":"https:\/\/m-sf.de\/blog\/wp-json\/wp\/v2\/tags?post=250"}],"curies":[{"name":"wp","href":"https:\/\/api.w.org\/{rel}","templated":true}]}}