{"id":271,"date":"2023-01-14T17:21:31","date_gmt":"2023-01-14T16:21:31","guid":{"rendered":"http:\/\/m-sf.de\/blog\/?p=271"},"modified":"2023-01-14T17:21:44","modified_gmt":"2023-01-14T16:21:44","slug":"veranstaltungen-april-bis-august-2011","status":"publish","type":"post","link":"https:\/\/m-sf.de\/blog\/2023\/01\/14\/veranstaltungen-april-bis-august-2011\/","title":{"rendered":"Veranstaltungen April bis August 2011"},"content":{"rendered":"\n<figure class=\"wp-block-table\"><table class=\"has-fixed-layout\"><tbody><tr><td><strong>Montag, 11. Juli<\/strong><br><strong>19:00<\/strong><br>EineWeltHaus <a rel=\"noreferrer noopener\" href=\"http:\/\/efa.mvv-muenchen.de\/mvv\/XSLT_TRIP_REQUEST2?ptOptionsActive=0&amp;language=de&amp;nameState_destination=empty&amp;type_destination=address&amp;placeState_destination=empty&amp;execInst=normal&amp;sessionID=0&amp;itdTripDateTimeDepArr=dep&amp;place_destination=M%FCnchen&amp;name_destination=Schwanthalerstra%DFe+80\" target=\"_blank\"><\/a><\/td><td><strong>offenes Plenum Sozialforum M\u00fcnchen<br><\/strong><br>Zu dem Plenum sind alle eingeladen.<br>Veranstalter:<br>Sozialforum M\u00fcnchen<\/td><\/tr><tr><td> <strong>Montag, 6. Juni<\/strong><br><strong>19:00<\/strong><br>EineWeltHaus <a rel=\"noreferrer noopener\" href=\"http:\/\/efa.mvv-muenchen.de\/mvv\/XSLT_TRIP_REQUEST2?ptOptionsActive=0&amp;language=de&amp;nameState_destination=empty&amp;type_destination=address&amp;placeState_destination=empty&amp;execInst=normal&amp;sessionID=0&amp;itdTripDateTimeDepArr=dep&amp;place_destination=M%FCnchen&amp;name_destination=Schwanthalerstra%DFe+80\" target=\"_blank\"><\/a><\/td><td><strong>offenes Plenum Sozialforum M\u00fcnchen<br><\/strong><br>Zu dem Plenum sind alle eingeladen.<br>Veranstalter:<br>Sozialforum M\u00fcnchen<\/td><\/tr><tr><td> <strong>Montag, 9. Mai<\/strong><br><strong>19:00<\/strong><br>EineWeltHaus <a rel=\"noreferrer noopener\" href=\"http:\/\/efa.mvv-muenchen.de\/mvv\/XSLT_TRIP_REQUEST2?ptOptionsActive=0&amp;language=de&amp;nameState_destination=empty&amp;type_destination=address&amp;placeState_destination=empty&amp;execInst=normal&amp;sessionID=0&amp;itdTripDateTimeDepArr=dep&amp;place_destination=M%FCnchen&amp;name_destination=Schwanthalerstra%DFe+80\" target=\"_blank\"><\/a><\/td><td><strong>offenes Plenum Sozialforum M\u00fcnchen<br><\/strong><br>Einladung Zu dem Plenum sind alle eingeladen.<br>Veranstalter:<br>Sozialforum M\u00fcnchen<\/td><\/tr><tr><td> <strong>Montag, 11. April<\/strong><br><strong>19:00<\/strong><br>EineWeltHaus <a rel=\"noreferrer noopener\" href=\"http:\/\/efa.mvv-muenchen.de\/mvv\/XSLT_TRIP_REQUEST2?ptOptionsActive=0&amp;language=de&amp;nameState_destination=empty&amp;type_destination=address&amp;placeState_destination=empty&amp;execInst=normal&amp;sessionID=0&amp;itdTripDateTimeDepArr=dep&amp;place_destination=M%FCnchen&amp;name_destination=Schwanthalerstra%DFe+80\" target=\"_blank\"><\/a><\/td><td><strong>offenes Plenum Sozialforum M\u00fcnchen<br><\/strong><br>Einladung Zu dem Plenum sind alle eingeladen.<br>Veranstalter:<br>Sozialforum M\u00fcnchen<\/td><\/tr><tr><td><strong>Samstag, 23. April<\/strong><br>11:00<br>Orleansplatz<a> <\/a><a rel=\"noreferrer noopener\" href=\"http:\/\/efa.mvv-muenchen.de\/mvv\/XSLT_TRIP_REQUEST2?ptOptionsActive=0&amp;language=de&amp;nameState_destination=empty&amp;type_destination=address&amp;placeState_destination=empty&amp;execInst=normal&amp;sessionID=0&amp;itdTripDateTimeDepArr=dep&amp;place_destination=M%FCnchen&amp;name_destination=Orleansplatz\" target=\"_blank\"><\/a><\/td><td><strong>Ostermarsch 2011<\/strong> ab 11:15 Uhr Programm auf dem Marienplatz mit Infost\u00e4nden<br>9:45 Uhr St. Johannes, Preysingplatz, \u00d6kumenischer Gottesdienst \u00a0 Flyer<br>11:00 Uhr Orleansplatz (Ostbahnhof) Auftaktkundgebung<br>11:30 Uhr Demonstrationszug zum Marienplatz<br>ca. 12:30 Uhr Marienplatz Kundgebung <a rel=\"noreferrer noopener\" href=\"http:\/\/www.muenchner-friedensbuendnis.de\/Ostermarsch-Muenchen-2011\" target=\"_blank\">Aufruf<\/a> Veranstalter:<br><a rel=\"noreferrer noopener\" href=\"http:\/\/www.muenchner-friedensbuendnis.de\/\" target=\"_blank\">M\u00fcnchner Friedensb\u00fcndnis<\/a><\/td><\/tr><\/tbody><\/table><\/figure>\n\n\n\n<figure class=\"wp-block-image\"><img src=\"\" alt=\"Ende\"\/><\/figure>\n","protected":false},"excerpt":{"rendered":"<p>Montag, 11. Juli19:00EineWeltHaus offenes Plenum Sozialforum M\u00fcnchenZu dem Plenum sind alle eingeladen.Veranstalter:Sozialforum M\u00fcnchen Montag, 6. Juni19:00EineWeltHaus offenes Plenum Sozialforum M\u00fcnchenZu dem Plenum sind alle eingeladen.Veranstalter:Sozialforum M\u00fcnchen Montag, 9. Mai19:00EineWeltHaus offenes Plenum Sozialforum M\u00fcnchenEinladung Zu dem Plenum sind alle eingeladen.Veranstalter:Sozialforum M\u00fcnchen Montag, 11. April19:00EineWeltHaus offenes Plenum Sozialforum M\u00fcnchenEinladung Zu dem Plenum sind alle eingeladen.Veranstalter:Sozialforum M\u00fcnchen Samstag, [&hellip;]<\/p>\n","protected":false},"author":1,"featured_media":0,"comment_status":"open","ping_status":"open","sticky":false,"template":"","format":"standard","meta":{"hide_page_title":""},"categories":[4],"tags":[],"_links":{"self":[{"href":"https:\/\/m-sf.de\/blog\/wp-json\/wp\/v2\/posts\/271"}],"collection":[{"href":"https:\/\/m-sf.de\/blog\/wp-json\/wp\/v2\/posts"}],"about":[{"href":"https:\/\/m-sf.de\/blog\/wp-json\/wp\/v2\/types\/post"}],"author":[{"embeddable":true,"href":"https:\/\/m-sf.de\/blog\/wp-json\/wp\/v2\/users\/1"}],"replies":[{"embeddable":true,"href":"https:\/\/m-sf.de\/blog\/wp-json\/wp\/v2\/comments?post=271"}],"version-history":[{"count":2,"href":"https:\/\/m-sf.de\/blog\/wp-json\/wp\/v2\/posts\/271\/revisions"}],"predecessor-version":[{"id":273,"href":"https:\/\/m-sf.de\/blog\/wp-json\/wp\/v2\/posts\/271\/revisions\/273"}],"wp:attachment":[{"href":"https:\/\/m-sf.de\/blog\/wp-json\/wp\/v2\/media?parent=271"}],"wp:term":[{"taxonomy":"category","embeddable":true,"href":"https:\/\/m-sf.de\/blog\/wp-json\/wp\/v2\/categories?post=271"},{"taxonomy":"post_tag","embeddable":true,"href":"https:\/\/m-sf.de\/blog\/wp-json\/wp\/v2\/tags?post=271"}],"curies":[{"name":"wp","href":"https:\/\/api.w.org\/{rel}","templated":true}]}}