{"id":288,"date":"2023-01-14T17:33:02","date_gmt":"2023-01-14T16:33:02","guid":{"rendered":"http:\/\/m-sf.de\/blog\/?p=288"},"modified":"2023-01-14T17:33:02","modified_gmt":"2023-01-14T16:33:02","slug":"veranstaltungen-august-2010","status":"publish","type":"post","link":"https:\/\/m-sf.de\/blog\/2023\/01\/14\/veranstaltungen-august-2010\/","title":{"rendered":"Veranstaltungen August 2010"},"content":{"rendered":"\n<figure class=\"wp-block-table\"><table class=\"has-fixed-layout\"><tbody><tr><td><strong>Montag, 9. August<\/strong><br><strong>19:00<\/strong><br>EineWeltHaus<\/td><td><strong>offenes Plenum Sozialforum M\u00fcnchen<br><\/strong><br>Einladung Zu dem Plenum sind alle eingeladen.<br>Veranstalter:<br>Sozialforum M\u00fcnchen<\/td><\/tr><tr><td><strong>Montag, 16. August<\/strong><br>18:00<br>Marienplatz<\/td><td>6 Jahre M\u00fcnchner Montagsdemo<br><strong>\u201eStatt Kriechen &#8211; k\u00e4mpfen wie die Griechen!\u201c<\/strong><br>Immer wieder montags um 18 Uhr \u2013 seit 6 Jahren! &#8211; unser breites B\u00fcndnis ist in M\u00fcnchen und bundesweit erfolgreich aktiv<br>&#8211; basisdemokratisch, solidarisch, antifaschistisch<br>&#8211; mit Kundgebung am offenen Mikrofon<br>&#8211; \u201edas soziale Gewissen der Nation\u201c<br>das m\u00f6chten wir gerne mit euch\/Ihnen feiern, mit Musik, Kultur und Redebeitr\u00e4gen Einladung Veranstalter:<br>Initiative M\u00fcnchner Montagsdemo<\/td><\/tr><tr><td><strong>Montag, 30. August<\/strong><br>19:30<br>EineWeltHaus<\/td><td>Attac-Palaver<br><strong>Solidarische \u00d6konomie, wie sie in Genossenschaften und Vernetzungen gelebt wird<\/strong><br>Vortrag mit Diskussion<br>Referent: Martin Schmidt-Bredow, Attac M\u00fcnchen, Dipl. Kaufmann, Wirtschaftsgeograf Firmen, die Eigentum ihrer eigenen Mitarbeiter sind und von ihnen gef\u00fchrt werden, gibt es, mehr als man denkt. Die Idee und Perspektiven der solidarischen \u00d6konomie werden dargelegt und zur Diskussion gestellt. Es werden Beispiele angef\u00fchrt, wie die Mondragon-Gruppe, das gr\u00f6\u00dfte genossenschaftliche Netzwerk von Industriebetrieben, das seinen Mitarbeitern geh\u00f6rt. Auch in Italien gibt es &#8211; trotz Berlusconi &#8211; seit Jahren das sogenannte &#8222;Macora&#8220;-Gesetz, wonach Mitarbeiter mit staatlicher Unterst\u00fctzung ihre Firmen \u00fcbernehmen k\u00f6nnen. In Brasilien hat die Regierung einen Staatssekret\u00e4r f\u00fcr Solidarische \u00d6konomie geschaffen, vertreten durch den deutschst\u00e4mmigen Paul Singer. Veranstalter:<br><a href=\"http:\/\/www.attac-muenchen.org\/\" target=\"_blank\" rel=\"noreferrer noopener\">Attac M\u00fcnchen<\/a><\/td><\/tr><\/tbody><\/table><\/figure>\n","protected":false},"excerpt":{"rendered":"<p>Montag, 9. August19:00EineWeltHaus offenes Plenum Sozialforum M\u00fcnchenEinladung Zu dem Plenum sind alle eingeladen.Veranstalter:Sozialforum M\u00fcnchen Montag, 16. August18:00Marienplatz 6 Jahre M\u00fcnchner Montagsdemo\u201eStatt Kriechen &#8211; k\u00e4mpfen wie die Griechen!\u201cImmer wieder montags um 18 Uhr \u2013 seit 6 Jahren! &#8211; unser breites B\u00fcndnis ist in M\u00fcnchen und bundesweit erfolgreich aktiv&#8211; basisdemokratisch, solidarisch, antifaschistisch&#8211; mit Kundgebung am offenen Mikrofon&#8211; [&hellip;]<\/p>\n","protected":false},"author":1,"featured_media":0,"comment_status":"open","ping_status":"open","sticky":false,"template":"","format":"standard","meta":{"hide_page_title":""},"categories":[4],"tags":[],"_links":{"self":[{"href":"https:\/\/m-sf.de\/blog\/wp-json\/wp\/v2\/posts\/288"}],"collection":[{"href":"https:\/\/m-sf.de\/blog\/wp-json\/wp\/v2\/posts"}],"about":[{"href":"https:\/\/m-sf.de\/blog\/wp-json\/wp\/v2\/types\/post"}],"author":[{"embeddable":true,"href":"https:\/\/m-sf.de\/blog\/wp-json\/wp\/v2\/users\/1"}],"replies":[{"embeddable":true,"href":"https:\/\/m-sf.de\/blog\/wp-json\/wp\/v2\/comments?post=288"}],"version-history":[{"count":1,"href":"https:\/\/m-sf.de\/blog\/wp-json\/wp\/v2\/posts\/288\/revisions"}],"predecessor-version":[{"id":289,"href":"https:\/\/m-sf.de\/blog\/wp-json\/wp\/v2\/posts\/288\/revisions\/289"}],"wp:attachment":[{"href":"https:\/\/m-sf.de\/blog\/wp-json\/wp\/v2\/media?parent=288"}],"wp:term":[{"taxonomy":"category","embeddable":true,"href":"https:\/\/m-sf.de\/blog\/wp-json\/wp\/v2\/categories?post=288"},{"taxonomy":"post_tag","embeddable":true,"href":"https:\/\/m-sf.de\/blog\/wp-json\/wp\/v2\/tags?post=288"}],"curies":[{"name":"wp","href":"https:\/\/api.w.org\/{rel}","templated":true}]}}