{"id":300,"date":"2023-01-14T17:41:14","date_gmt":"2023-01-14T16:41:14","guid":{"rendered":"http:\/\/m-sf.de\/blog\/?p=300"},"modified":"2023-01-14T17:41:14","modified_gmt":"2023-01-14T16:41:14","slug":"veranstaltungen-februar-2010","status":"publish","type":"post","link":"https:\/\/m-sf.de\/blog\/2023\/01\/14\/veranstaltungen-februar-2010\/","title":{"rendered":"Veranstaltungen Februar 2010"},"content":{"rendered":"\n<figure class=\"wp-block-table\"><table><tbody><tr><td><strong>Montag, 8. Februar<\/strong><br><strong>19:00<\/strong><br>EineWeltHaus<\/td><td><strong>offenes Plenum Sozialforum M\u00fcnchen<br><\/strong><br>Einladung Zu dem Plenum sind alle eingeladen.<br>Veranstalter:<br>Sozialforum M\u00fcnchen<\/td><\/tr><tr><td><a><\/a> <strong>Freitag, 5. Februar<\/strong><br><strong>Samstag, 6. Februar<\/strong><br><\/td><td><strong>Proteste gegen die NATO-Kriegskonferenz in M\u00fcnchen<\/strong><br>Alle SIKO-Termine auf einen Blick<\/td><\/tr><tr><td><strong>Freitag, 5. Februar<\/strong><br>18:00<br>Marienplatz<\/td><td><br><strong>ANTIKRIEGS-ORCHESTER<\/strong><br>Kommt alle zum antimilitaristischen Platzkonzert gegen den st\u00e4dtischen Empfang von OB Christian Ude f\u00fcr die TeilnehmerInnen der NATO-Kriegskonferenz. \u2013 Bringt alles mit, was T\u00f6ne macht und laut ist: Vom Topfdeckel bis zur Posaune, von der Tr\u00f6te bis zur Fl\u00f6te! Flugblatt Veranstalter:<br><a rel=\"noreferrer noopener\" href=\"http:\/\/www.muenchen-gegen-krieg.de\/\" target=\"_blank\">AKTIONSB\u00dcNDNIS GEGEN DIE NATO-SICHERHEITSKONFERENZ<\/a><\/td><\/tr><tr><td><strong>Samstag, 6. Februar<\/strong><br>13:00<br>Marienplatz<\/td><td><br><strong>GROSSDEMONSTRATION<\/strong><br>zum Tagungsort der Kriegsstrategen im Bayerischen Hof Flugblatt Veranstalter:<br><a rel=\"noreferrer noopener\" href=\"http:\/\/www.muenchen-gegen-krieg.de\/\" target=\"_blank\">AKTIONSB\u00dcNDNIS GEGEN DIE NATO-SICHERHEITSKONFERENZ<\/a><\/td><\/tr><tr><td><strong>Samstag, 6. Februar<\/strong><br>18:00<br>Altes Rathaus Marienplatz<\/td><td><br><strong>Friedenskonferenz<\/strong><br>Internationales Forum: Frieden und Gerechtigkeit gestalten Veranstalter:<br><a href=\"http:\/\/www.muenchen-gegen-krieg.de\/\" target=\"_blank\" rel=\"noreferrer noopener\">AKTIONSB\u00dcNDNIS GEGEN DIE NATO-SICHERHEITSKONFERENZ<\/a><\/td><\/tr><\/tbody><\/table><\/figure>\n","protected":false},"excerpt":{"rendered":"<p>Montag, 8. Februar19:00EineWeltHaus offenes Plenum Sozialforum M\u00fcnchenEinladung Zu dem Plenum sind alle eingeladen.Veranstalter:Sozialforum M\u00fcnchen Freitag, 5. FebruarSamstag, 6. Februar Proteste gegen die NATO-Kriegskonferenz in M\u00fcnchenAlle SIKO-Termine auf einen Blick Freitag, 5. Februar18:00Marienplatz ANTIKRIEGS-ORCHESTERKommt alle zum antimilitaristischen Platzkonzert gegen den st\u00e4dtischen Empfang von OB Christian Ude f\u00fcr die TeilnehmerInnen der NATO-Kriegskonferenz. \u2013 Bringt alles mit, was [&hellip;]<\/p>\n","protected":false},"author":1,"featured_media":0,"comment_status":"open","ping_status":"open","sticky":false,"template":"","format":"standard","meta":{"hide_page_title":""},"categories":[4],"tags":[],"_links":{"self":[{"href":"https:\/\/m-sf.de\/blog\/wp-json\/wp\/v2\/posts\/300"}],"collection":[{"href":"https:\/\/m-sf.de\/blog\/wp-json\/wp\/v2\/posts"}],"about":[{"href":"https:\/\/m-sf.de\/blog\/wp-json\/wp\/v2\/types\/post"}],"author":[{"embeddable":true,"href":"https:\/\/m-sf.de\/blog\/wp-json\/wp\/v2\/users\/1"}],"replies":[{"embeddable":true,"href":"https:\/\/m-sf.de\/blog\/wp-json\/wp\/v2\/comments?post=300"}],"version-history":[{"count":1,"href":"https:\/\/m-sf.de\/blog\/wp-json\/wp\/v2\/posts\/300\/revisions"}],"predecessor-version":[{"id":301,"href":"https:\/\/m-sf.de\/blog\/wp-json\/wp\/v2\/posts\/300\/revisions\/301"}],"wp:attachment":[{"href":"https:\/\/m-sf.de\/blog\/wp-json\/wp\/v2\/media?parent=300"}],"wp:term":[{"taxonomy":"category","embeddable":true,"href":"https:\/\/m-sf.de\/blog\/wp-json\/wp\/v2\/categories?post=300"},{"taxonomy":"post_tag","embeddable":true,"href":"https:\/\/m-sf.de\/blog\/wp-json\/wp\/v2\/tags?post=300"}],"curies":[{"name":"wp","href":"https:\/\/api.w.org\/{rel}","templated":true}]}}