{"id":332,"date":"2023-04-01T16:08:28","date_gmt":"2023-04-01T14:08:28","guid":{"rendered":"http:\/\/m-sf.de\/blog\/?p=332"},"modified":"2023-04-02T15:54:44","modified_gmt":"2023-04-02T13:54:44","slug":"veranstaltungen-2004","status":"publish","type":"post","link":"https:\/\/m-sf.de\/blog\/2023\/04\/01\/veranstaltungen-2004\/","title":{"rendered":"Veranstaltungen 2004"},"content":{"rendered":"\n<h3>Veranstaltungsreihe im Herbst 2004 zur Gr\u00fcndung des Sozialforums<\/h3>\n\n\n\n<figure class=\"wp-block-table is-style-regular\"><table class=\"has-fixed-layout\"><tbody><tr><td><\/td><td>&nbsp;<\/td><\/tr><tr><td><strong>31.Oktober bis 21. November<\/strong><br><\/td><td><strong>M\u00fcnchner Friedenswochen<br>&#8222;Gleiches Recht f\u00fcr alle Menschen, alle V\u00f6lker!&#8220;<\/strong> <a href=\"http:\/\/www.muenchner-friedensbuendnis.de\/archiv\/Friedenswochen\/0411_Friedwoch.html\" target=\"_blank\" rel=\"noreferrer noopener\">\u00bb&nbsp;Programm&nbsp;\u00ab<\/a> <strong>daraus einige der ca. 25 Veranstaltungen:<\/strong> <strong>Di., 9.11.04<\/strong>, 19:30 &#8211; 22:00 Uhr, Truderinger Frauen f\u00fcr Frieden und Abr\u00fcstung,<br>Vortrag und Diskussion, Paul B. Kleiser (Politologe),<br><strong>&#8222;EU-Verfassung, Rechte f\u00fcr die B\u00fcrger oder f\u00fcr die Wirtschaft&#8220;<\/strong><br>Familien.Zentrum Trudering e.V., Dompfaffweg 10, Gelber Raum, 1. Stock, <strong>Di., 9.11.04<\/strong>, 19:30 Uhr, Internationale Frauenliga f\u00fcr Frieden&amp;Freiheit in Koop. mit Petra-Kelly-Stiftung,<br>Lesung der Autorin Ute Scheub aus ihrem Buch<br><strong>&#8222;Friedenstreiberinnen&#8220;<\/strong><br>mit Diskussion und musikalischem Rahmen,<br>TAMS-Theater am Sozialamt <strong>Mi., 10.11.04, <\/strong>19:00 &#8211; 22:00 Uhr,<br>M\u00fcnchner Friedensb\u00fcndnis in Zusammenarbeit mit Friedensb\u00fcro e.V.,<br>Clemens Ronnefeldt (Referent f\u00fcr Friedensfragen beim deutschen Zweig des Internationalen Vers\u00f6hnungsbundes),<br><strong>&#8222;Ein politischer Reisebericht aus dem Libanon und aus Syrien&#8220;<\/strong><br>Vortrag mit&nbsp; Lichtbildern. Eintritt: 2 Euro,<br>EineWeltHaus, Gro\u00dfer Saal <strong>Mi., 17.11.04<\/strong>, 19:30 Uhr, Ev. Vers\u00f6hnungskirche in der KZ-Gedenkst\u00e4tte Dachau,<br>Vortrag Dr. Hans-Rudolf Gr\u00fcber,<br><strong>&#8222;Allein gegen Eichmann &#8211; Pfarrer Heinrich Gr\u00fcbers Einsatz f\u00fcr Rassenverfolgte&#8220;<\/strong><br>Ev. Vers\u00f6hnungskirche in der KZ-Gedenkst\u00e4tte Dachau,&nbsp;Alte&nbsp;R\u00f6merstr.&nbsp;87<br><strong>Mi., 17.11.04<\/strong>, 19:30 Uhr, VVN-BdA (Vereinigung der Verfolgten des Naziregimes\/ Bund der Antifaschisten und Antifaschistinnen),<br><strong>&#8222;Als Zigeuner verfolgt&#8230;, Hugo H\u00f6llenreiner berichtet von seinem Schicksal in der Nazizeit&#8220;<\/strong>,<br>Seidl-Villa, Nikolaipl. 2, <strong>So., 21.11.04<\/strong>, 19:30 Uhr,<br><strong>&#8222;Eine Analyse der US-Pr\u00e4sidentschaftswahl &#8211; What happened?&#8220;<\/strong>,<br>Vortrag und Diskussion mit Sarah van Gelder<br>EineWeltHaus R211 (Eintritt 3 Euro) <strong>Mo., 22.11.04<\/strong>, 17:00 Uhr,<br><strong>&#8222;Islam und Islamismus &#8211; eine Herausforderung f\u00fcr Deutschland&#8220;<\/strong>,<br>Vortrag und Diskussion mit Dr. Peter Barth (Studiengesellschaft f\u00fcr Friedensforschung e.V.)<br>P\u00e4dagogisches Institut der LHM, Herrnstr.19 <strong>Di., 23.11.04<\/strong>, 19:30 Uhr, B\u00fcndnis M\u00fcnchen gegen Krieg,<br><strong>&#8222;Der globale Kapitalismus &amp; seine Weltordnungskriege&#8220;<\/strong>,<br>Referent: Winfried Wolf<br>EineWeltHaus<br><a href=\"http:\/\/www.muenchner-friedensbuendnis.de\" target=\"_blank\" rel=\"noreferrer noopener\">M\u00fcnchner Friedensb\u00fcndnis<\/a><\/td><\/tr><tr><td><strong>Mittwoch, 20. Oktober<\/strong><br>19:00<br>EineWeltHaus, Gro\u00dfer Saal<\/td><td><strong>Menschenrechte, Frauenrechte, Landrechte<\/strong><br>Frauen aus Guatemala und Brasilien berichten.<br>mehr Infos <a rel=\"noreferrer noopener\" href=\"http:\/\/www.nordsuedforum.de\" target=\"_blank\">Nord S\u00fcd Forum<\/a>, <a rel=\"noreferrer noopener\" href=\"http:\/\/mitglied.lycos.de\/fian_muc\" target=\"_blank\">FIAN<\/a> , <a rel=\"noreferrer noopener\" href=\"http:\/\/www.oeku-buero.de\" target=\"_blank\">\u00d6kumenisches B\u00fcro<\/a><\/td><\/tr><tr><td><strong>Montag, 18. Oktober<\/strong><br>17:00<br>DGB-Haus, Gro\u00dfer Saal<\/td><td><strong>&#8222;Es ist genug f\u00fcr alle da&#8220; &#8211; Alternativen zur herrschenden Politik<br>&#8211; Konzept f\u00fcr eine solidarische Einfachsteuer &#8211;<\/strong><br>Attac und Verdi haben ein Konzept f\u00fcr eine solidarische Einfachsteuer entwickelt. Dieses Konzept soll vorgestellt und auf seine Tauglichkeit als realistische Alternative zum derzeit herrschenden Steuerchaos hin untersucht werden. Mit Michael Schlecht, ver.di, Leiter Abteilung Wirtschaftspolitik.<br>Pressemitteilung (m-sf)<br><a rel=\"noreferrer noopener\" href=\"http:\/\/www.attac.de\/presse\/presse_ausgabe.php?id=318\" target=\"_blank\">Pressemitteilung (attac)<\/a><br><a rel=\"noreferrer noopener\" href=\"http:\/\/www.attac-m.org\" target=\"_blank\">Attac<\/a>, <a rel=\"noreferrer noopener\" href=\"http:\/\/www.verdi.de\/bayern\/muenchen\" target=\"_blank\">Ver.di<\/a><\/td><\/tr><tr><td><strong>Sonntag, 17. Oktober<\/strong><br>10 bis 14 Uhr<br>Offenbarungskirche<\/td><td><strong>&#8222;Arbeitslos = Hoffnungslos?&#8220;<\/strong><br>Ein Tag f\u00fcr Arbeitslose und Interessierte in der Offenbarungskirche Was macht Arbeitslosigkeit mit den Betroffenen? Was kommt mit Hartz IV auf uns zu? Wo k\u00f6nnen Arbeitslose Unterst\u00fctzung bekommen? Ein Tag mit Gottesdienst, Infost\u00e4nden, Vortrag und Diskussionen.<br>Pressemitteilung<br><a rel=\"noreferrer noopener\" href=\"http:\/\/www.malz-muenchen.de\/\" target=\"_blank\">M\u00fcnchner Arbeitslosenzentrum MALZ<\/a><br><a rel=\"noreferrer noopener\" href=\"http:\/\/www.offenbarungskirche.de\/\" target=\"_blank\">Offenbarungskirche<\/a><br><a rel=\"noreferrer noopener\" href=\"http:\/\/www.kda-bay.de\/\" target=\"_blank\">KDA<\/a><br><\/td><\/tr><tr><td><strong>Sonntag, 17. Oktober<\/strong><br>12:00<br>KHG<\/td><td><strong>&#8222;Habe ich, was ich brauche? Brauche ich, was ich habe?&#8220;<\/strong><br>Veranstaltung, Begegnung, Marktplatz grenzenloser Ideen<br><a rel=\"noreferrer noopener\" href=\"http:\/\/www.atd-viertewelt.de\/PDF\/17.%20Oktober%202004.pdf\" target=\"_blank\">Einladung<\/a><br>Pressemitteilung<br><a rel=\"noreferrer noopener\" href=\"http:\/\/www.atd-viertewelt.de\" target=\"_blank\">ATD Vierte Welt\/Gruppe M\u00fcnchen<\/a> (ATD=Aide \u00e0 Toute D\u00e9tresse)<\/td><\/tr><tr><td><strong>Sonntag, 17. Oktober<\/strong><br>16:00<br>St. Bonifaz<\/td><td><strong>&#8222;Habe ich was ich brauche? Brauche ich, was ich habe?&#8220;<\/strong><br>\u00d6kumenische Gedenkfeier zu Ehren namenloser Opfer von Unwissenheit, Hunger und Gewalt<br><a rel=\"noreferrer noopener\" href=\"http:\/\/www.atd-viertewelt.de\/PDF\/17.%20Oktober%202004.pdf\" target=\"_blank\">Einladung<\/a><br>Pressemitteilung<br><a rel=\"noreferrer noopener\" href=\"http:\/\/www.atd-viertewelt.de\" target=\"_blank\">ATD Vierte Welt\/Gruppe M\u00fcnchen<\/a> (ATD=Aide \u00e0 Toute D\u00e9tresse)<\/td><\/tr><tr><td><strong>Samstag, 16. Oktober<\/strong><br>16:00<br>EineWeltHaus<\/td><td><strong>Gr\u00fcndung Sozialforum M\u00fcnchen<\/strong><br>Grundsatzpapier &#8211; Entwurf<br>Flugblatt<br>Ablauf<br>Pressemitteilung<br>Initiative Sozialforum M\u00fcnchen und alle beteiligten Gruppen<\/td><\/tr><tr><td><strong>Samstag, 16. Oktober<\/strong><br>18:00 bis 21:30<br>Festhalle Cincinnatistra\u00dfe 62<\/td><td><strong>&#8222;Grenzen \u00fcberwinden&#8220;<\/strong><br>Benefizkonzert des BGS-Orchesters M\u00fcnchen, mitwirkende Gruppen: Freudentanz und Dingos<br><a rel=\"noreferrer noopener\" href=\"http:\/\/www.atd-viertewelt.de\/PDF\/Plakat_BGS_blau.pdf\" target=\"_blank\">Einladung<\/a><br>Pressemitteilung<br><a rel=\"noreferrer noopener\" href=\"http:\/\/www.atd-viertewelt.de\" target=\"_blank\">ATD Vierte Welt\/Gruppe M\u00fcnchen<\/a> (ATD=Aide \u00e0 Toute D\u00e9tresse)<\/td><\/tr><tr><td><strong>Donnerstag, 14. Oktober<\/strong><br>17:30 bis 19:30<br>KDA<\/td><td><strong>Zeitarbeit und prek\u00e4re Besch\u00e4ftigung<\/strong><br>Diskussionsveranstaltung<br>Einladung<br>Pressemitteilung<br><a rel=\"noreferrer noopener\" href=\"http:\/\/www.kda-bay.de\" target=\"_blank\">Kirchlicher Dienst in der Arbeitswelt KDA<\/a><\/td><\/tr><tr><td><strong>Donnerstag, 14. Oktober<\/strong><br>19:30<br>&#8222;Merhaba&#8220;<\/td><td><strong>&#8222;Andere Medien sind m\u00f6glich!&#8220;<\/strong><br>Die Tageszeitung &#8222;junge Welt&#8220; in neuem Format und das M\u00fcnchner Portal &#8222;Hinter-den Schlagzeilen&#8220; (Annik und Konstantin Wecker) stellen sich vor <strong>Arundhati Roy<\/strong>, die bekannte indische Schriftstellerin, hat in ihrer <a rel=\"noreferrer noopener\" href=\"http:\/\/www.lebenshaus-alb.de\/mt\/archives\/002507.html\" target=\"_blank\">Rede am 16.8.04<\/a> in San Francisco kritisiert, wie Massenmedien von einer Inflation von Krisen, auf Kosten von Menschen in Not leben: &#8222;Staaten haben gelernt, da\u00df von Krisen angetriebene Medien es sich nicht leisten k\u00f6nnen zu lange beim selben Thema zu bleiben. Wie Wirtschaftsbetriebe einen Umsatz von Geld brauchen, brauchen die Medien einen Umsatz von Krisen&#8230;.W\u00e4hrend Regierungen die Kunst, eine Krise durchzuwarten, perfektionieren, werden die Widerstandbewegungen im Wirbel des Krisenproduktion vermehrt dazu verf\u00fchrt, Wege zu finden, Krisen in einem einfachen, verdaubaren und zuschauerfreundlichen Format herzustellen. Von jeder Bewegung, die ernstgenommen werden will, von jedem Thema wird erwartet, da\u00df es seinen eigenen Hei\u00dfluftballon starten l\u00e4\u00dft, um sein Markenzeichen und seinen Zweck zu bewerben&#8230;. Wenn wir Raum f\u00fcr zivilen Widerstand zur\u00fcckgewinnen wollen, werden wir uns selbst von der Tyrannei der Krisenberichterstattung befreien m\u00fcssen&#8230;. Die Konzernglobalisierung hat die Distanz zwischen den Entscheidungstr\u00e4gern und jenen, die die Konsequenz ihrer Entscheidungen zu tragen haben, vergr\u00f6\u00dfert. Foren wie das Weltsozialforum erm\u00f6glichen es \u00f6rtlichen Widerstandbewegungen, dieses Distanz zu reduzieren und sich mit den Bewegungen aus den reichen L\u00e4ndern zu verbinden.&#8220; Die <strong>&#8222;junge Welt&#8220;<\/strong> leistet sich einen l\u00e4ngeren Atem f\u00fcr Themen und Inhalte, sie lebt von LeserInnen, die nicht nach rei\u00dferischen Aufmachern fragen, sondern nach einer vern\u00fcnftigen und engagierten Erkl\u00e4rung der Welt. Die M\u00fcnchner <strong>Leserinitiative junge Welt<\/strong> begleitet die Entwicklung dieser \u00fcberregionalen Tageszeitung inhaltlich kritisch, mit Abo-Aktionen in M\u00fcnchen, aber auch mit eigenen Artikeln. <strong>Konstantin und Annik Wecker<\/strong> (angefragt) bieten auf ihrem internet-Portal <strong>&#8222;Hinter-den-Schlagzeilen&#8220;<\/strong> wegweisende Zeitungsartikel ganz verschiedener Medien an. Sie haben ein Zitat von Roger Willemsen als Motto: &#8222;Abweichende Meinungen werden immer dann unterdr\u00fcckt,wenn sie besonders wichtig sind&#8220;.<br>Pressemitteilung<br><a rel=\"noreferrer noopener\" href=\"http:\/\/www.jungewelt.de\/\" target=\"_blank\">LeserInneninitiative junge Welt M\u00fcnchen<\/a><br><a rel=\"noreferrer noopener\" href=\"http:\/\/www.hinter-den-schlagzeilen.info\/\" target=\"_blank\">Hinter den Schlagzeilen<\/a> (angefragt)<br><a rel=\"noreferrer noopener\" href=\"http:\/\/www.schleuser.net\/\" target=\"_blank\">Schleuser.net<\/a> (angefragt)<br><\/td><\/tr><tr><td><strong>Mittwoch, 13. Oktober<\/strong><br>19:00<br>EineWeltHaus<\/td><td><strong>&#8222;Es ist genug f\u00fcr alle da&#8220; &#8211; Alternativen zur herrschenden Politik &#8222;Weg mit Hartz IV -Keine Arbeitszeitverl\u00e4ngerung Stattdessen: Radikale Arbeitszeitverk\u00fcrzung!&#8220;<\/strong><br>Nur eine radikale Arbeitszeitverk\u00fcrzung kann die Arbeitslosigkeit senken. Was sind die Erfahrungen beim Kampf um die 35-Stunden-Woche? Welche Erfahrungen machten die Siemens-Kollegen bei der Auseinandersetzung um den Erhalt ihrer Arbeitspl\u00e4tze und gegen Arbeitszeitverl\u00e4ngerung? Sollen wir auf Lohn verzichten, w\u00e4hrend die Gewinne der Unternehmen steigen? Wie k\u00f6nnen wir erreichen, dass Leute eingestellt werden? Wollen wir Arbeitspl\u00e4tze um jeden Preis? Wie werden wir unsere Ziele erreichen? Kolleginnen und Kollegen der beteiligten Gruppen berichten und laden ein zu einer Diskussion.<br>Pressemitteilung<br><a rel=\"noreferrer noopener\" href=\"http:\/\/www.nci-net.de\/\" target=\"_blank\">NCI<\/a>, <a rel=\"noreferrer noopener\" href=\"http:\/\/de.groups.yahoo.com\/group\/mgl-info\" target=\"_blank\">M\u00fcnchner Gewerkschaftslinke<\/a><\/td><\/tr><tr><td><strong>Dienstag, 12. Oktober<\/strong><br>19:30<br>EineWeltHaus<\/td><td><strong>F\u00fcr Mensch, Wald und Klima<\/strong><br>Imagin\u00e4re Reise in den amazonischen Regenwald mit Guillermo Naco und B\u00fcrgermeister Hep Monatzeder.<br><a rel=\"noreferrer noopener\" href=\"http:\/\/www.petra-kelly-stiftung.de\/sites\/termin-auswahl.pl?4\" target=\"_blank\">mehr..<\/a><br>Flugblatt<br>Pressemitteilung<br><a rel=\"noreferrer noopener\" href=\"http:\/\/www.nordsuedforum.de\" target=\"_blank\">Nord S\u00fcd Forum<\/a> \/ <a rel=\"noreferrer noopener\" href=\"http:\/\/www.petra-kelly-stiftung.de\/\" target=\"_blank\">Petra-Kelly-Stiftung<\/a><\/td><\/tr><tr><td><strong>Montag, 11. Oktober<\/strong><br>19:00<br>EineWeltHaus, Raum 211<\/td><td><strong>&#8222;Es ist genug f\u00fcr alle da&#8220; &#8211; Alternativen zur herrschenden Politik<br>&#8211; Beteiligungsdemokratie am Beispiel von Porto Alegre &#8211;<\/strong><br>Aufgrund starker Unterst\u00fctzung durch die sozialen Bewegungen konnte die Arbeiterpartei PT in Porto Alegre 1989 erstmals den Oberb\u00fcrgermeister stellen. Seither wurde ein Modell aktiver B\u00fcrgerbeteiligung entwickelt, bei dem die Bev\u00f6lkerung \u00fcber den Investitionshaushalt der Millionenstadt und seine Priorit\u00e4ten direkt bestimmen kann. Der Modellcharakter und seine internationale Ausstrahlung sorgten daf\u00fcr, dass in den Jahren 2001, 2002 und 2003 in Porto Alegre das Weltsozialforum als Treffpunkt der globalisierungskritischen Bewegung stattfinden konnte. Der Referent ist Mitglied der PT in Porto Alegre und promoviert zur Zeit an der Uni Osnabr\u00fcck \u00fcber Probleme der Umsetzung von Formen direkter Demokratie. mehr&#8230;<br>Pressemitteilung<br><a rel=\"noreferrer noopener\" href=\"http:\/\/www.nordsuedforum.de\" target=\"_blank\">Nord-S\u00fcd-Forum<\/a> , <a rel=\"noreferrer noopener\" href=\"http:\/\/www.vsp-vernetzt.de\/\" target=\"_blank\">VsP<\/a> , <a rel=\"noreferrer noopener\" href=\"http:\/\/www.sterneck.net\/alive\/isp\/index.php\" target=\"_blank\">Neuer ISP-Verlag<\/a><\/td><\/tr><tr><td><strong>Sonntag, 10. Oktober<\/strong><br>18:00<br>EineWeltHaus<br><br><\/td><td><strong>Aktionskonferenz gegen Sozialkahlschlag<br>WIE WEITER NACH DER DEMO AM 2. OKTOBER ?<\/strong><br>Auf der Konferenz werden die bisherigen Aktionen bilanziert, die inhaltlichen Schwerpunkte diskutiert und das weitere Vorgehen im Kampf gegen Sozialabbau geplant. Alle Menschen und Gruppen, die den Sozialkahlschlag stoppen wollen, sind eingeladen!<br>Info<br>Pressemitteilung<br>Aktion gegen Sozialkahlschlag im Sozialforum M\u00fcnchen u.a.<\/td><\/tr><tr><td><strong>Donnerstag, 7. Oktober<\/strong><br>19:30<br>EineWeltHaus<\/td><td><strong>\u00dcberlegungen zur Entstehung von Profit, Geld und Zins&#8220;<\/strong><br>Vortrag von Manfred Szameitat, Freier Journalist, mit anschlie\u00dfender Diskussion.<br><a rel=\"noreferrer noopener\" href=\"http:\/\/www.isw-muenchen.de\/download\/veran20041007.pdf\" target=\"_blank\">mehr &#8230;<\/a><br>Pressemitteilung<br><a rel=\"noreferrer noopener\" href=\"http:\/\/www.isw-muenchen.de\" target=\"_blank\">institut f\u00fcr sozial-\u00f6kologische wirtschaftsforschung e. V. (isw)<\/a><\/td><\/tr><tr><td><strong>Mittwoch, 6. Oktober<\/strong><br>19:30<br>Komm-Treff<\/td><td><strong>&#8222;Erich M\u00fchsam in der bayerischen Revolution. Anmerkungen zum Anarchismus in Bayern.&#8220;<\/strong><br>Vorstellung des Dichters und Utopisten aus bisher unver\u00f6ffentlichten Quellen von G\u00fcnther Gerstenberg, mit anschlie\u00dfender Diskussion.<br>Flugblatt<br>Pressemitteilung<br>Kommtreff<\/td><\/tr><tr><td><strong>Mittwoch, 6. Oktober<\/strong><br>19:30<br>EineWeltHaus, Gro\u00dfer Saal<\/td><td><strong>Cochabamba &#8211; die Geschichte einer Wasserbefreiung<\/strong><br>Die bolivianische Kleinstadt Cochambamba leuchtet als Vorbild im Kampf um das Wasser als Gemeingut. Als die Wasserwerke 1998 an die US-Firma Bechtel verkauft wurden, st\u00fcrmten die B\u00fcrger die Stra\u00dfen und lie\u00dfen &#8211; trotz massivem Polizeieinsatz &#8211; nicht locker, bis sie zur\u00fcck erobert waren.<br>Wir freuen uns, an diesem Abend Luis Sanchez-Gomez Cuquerella von der &#8222;Demokratischen, Partizipatorischen Wasserversorgung&#8220; aus Cochabamba bei uns zu Gast zu haben, der von der Wasserbefreiung erz\u00e4hlen kann!<br><br>Vortrag und Diskussion &#8211; Referent: Luis Sanchez-Gomez Cuquerella<br><br>Pressemitteilung<br><a rel=\"noreferrer noopener\" href=\"http:\/\/www.attac-m.org\" target=\"_blank\">Attac M\u00fcnchen<\/a><\/td><\/tr><tr><td><strong>Dienstag, 5. Oktober<\/strong><br>9:30<br>Agentur f\u00fcr Arbeit M\u00fcnchen<\/td><td><strong>Bekanntgabe der Arbeitslosenzahlen<\/strong><br>Aktion vor der Agentur f\u00fcr Arbeit (u.a. Auftritt einer Theatergruppe)<br>Pressemitteilung<br>Flugblatt<br><a rel=\"noreferrer noopener\" href=\"http:\/\/www.arbeitslosenseelsorge.de\" target=\"_blank\">Arbeitslosenseelsorge in der Erzdi\u00f6zese M\u00fcnchen und Freising<\/a><br>Bericht:<br><br><strong>Arbeitsamt gegen Recht auf Arbeit<\/strong><br>Bei der Aktion anl\u00e4\u00dflich der Bekanntgabe der Arbeitslosenzahlen wollte die Arbeitslosenseelsorge der Erzdi\u00f6zeses M\u00fcnchen und Freising ein Transparent mit der Aufschrift: &#8222;Arbeit ist Menschenrecht&#8220; vor den Stufen des Arbeitsamtes niederlegen. Die Sicherheitskr\u00e4fte der Arbeitsagentur lie\u00dfen es, im Verein mit Polizisten, in R\u00fccksprache mit der Leitungsebene nicht zu. &#8222;Seit 10 oder 15 Jahren mache ich jetzt solche Aktionen. So etwas ist mir noch nicht passiert!&#8220; meinte der katholische Arbeitslosenseelsorger Mike Gallen. F\u00fcr ihn ein Zeichen, da\u00df die Arbeitsverwaltung angesichts von Massenarbeitlosigkeit und beginnenden Protesten gegen Hartz IV nerv\u00f6s wird.<br><br>Einen Bericht von der Aktion der Katholischen Arbeitslosenseelsorge lesen Sie im Lokalteil des M\u00fcnchner Merkur (S. 11), Bildergalerie: &nbsp; &nbsp; <strong>bitte auf ein Bild klicken!<\/strong><br><br><a href=\"javascript:openPopup('fotos\/2004-10-05--arbeitsamt\/bild-0.htm',720,640);\"><\/a> <a href=\"javascript:openPopup('fotos\/2004-10-05--arbeitsamt\/bild-1.htm',720,640);\"><\/a> <a href=\"javascript:openPopup('fotos\/2004-10-05--arbeitsamt\/bild-2.htm',720,640);\"><\/a> <a href=\"javascript:openPopup('fotos\/2004-10-05--arbeitsamt\/bild-3.htm',720,640);\"><\/a> <a href=\"javascript:openPopup('fotos\/2004-10-05--arbeitsamt\/bild-4.htm',720,640);\"><\/a> <a href=\"javascript:openPopup('fotos\/2004-10-05--arbeitsamt\/bild-5.htm',720,640);\"><\/a> <a href=\"javascript:openPopup('fotos\/2004-10-05--arbeitsamt\/bild-6.htm',720,640);\"><\/a> <a href=\"javascript:openPopup('fotos\/2004-10-05--arbeitsamt\/bild-7.htm',720,640);\"><\/a> <a href=\"javascript:openPopup('fotos\/2004-10-05--arbeitsamt\/bild-8.htm',720,640);\"><\/a> <a href=\"javascript:openPopup('fotos\/2004-10-05--arbeitsamt\/bild-9.htm',720,640);\"><\/a> <a href=\"javascript:openPopup('fotos\/2004-10-05--arbeitsamt\/bild-10.htm',720,640);\"><\/a> <a href=\"javascript:openPopup('fotos\/2004-10-05--arbeitsamt\/bild-11.htm',720,640);\"><\/a> <a href=\"javascript:openPopup('fotos\/2004-10-05--arbeitsamt\/bild-12.htm',720,640);\"><\/a><\/td><\/tr><tr><td><strong>Samstag, 2. Oktober<\/strong><br>18:00<br>Himmelsfahrtskirche<\/td><td><strong>Boden &#8211; Geschenk, Pflegefall oder Ware?<\/strong><br>Betrachtungen zum Erntedankfest<br>von Sepp Braun (Permakultur-Bauer)<br>und Renate B\u00f6rger (Journalistin)<br>Musik: Ulrich Stark<br>Flyer &nbsp; &nbsp; (PDF 1.5MB) <a rel=\"noreferrer noopener\" href=\"\/Users\/User\/Desktop\/aktueller_Desktop\/sozialforum\/m-sf-Dateien%20f%C3%BCr%20Hans-Peter\/dokumente\/2003-10-05_info_psg.pdf\" target=\"_blank\">Politisches Samstagsgebet<\/a><\/td><\/tr><tr><td><strong>Freitag, 1. Oktober<\/strong><br>19:00<br>EineWeltHaus<br>Eintritt frei<\/td><td><strong>SUDAN &#8211; Darfur<\/strong><br>Wer sch\u00fctzt die Zivilbev\u00f6lkerung im Krieg? Wer spielt welche Rolle?<br><br>Podiumsdiskussion:<br>mit Stefan Maier, ARD-Korrespondent in Darfur, Eric Englert, Missio M\u00fcnchen, und Volker Stapke, \u00c4rzte der Welt.<br>Moderation Brigitte Lux-Kliesch, Nord S\u00fcd Forum M\u00fcnchen<br><br>Die humanit\u00e4re Situation in der sudanesischen Provinz Darfur ist apokalyptisch: \u00dcber eine Million Menschen sind auf der Flucht vor Gewalt, Folter, Raub und Mord.<br><br>Die Massenflucht und ihre verheerenden Folgen wurden durch den seit Jahrzehnten im Sudan herrschenden B\u00fcrgerkrieg zwischen St\u00e4mmen aus dem arabischen Nordsudan und dem christlichen S\u00fcden des Landes ausgel\u00f6st. Reitermilizen der muslimischen Janjaweed terrorisieren seit Februar 2003 vermutlich mit Unterst\u00fctzung der sudanesischen Zentralregierung die afrikanische Zivilbev\u00f6lkerung in der Provinz.<br>Die Vereinten Nationen sprechen von einer Strategie der ethnischen S\u00e4uberung.<br><br>Was ist das Neue an diesem Konflikt? Warum scheitert der internationale Dialog mit der Zentralregierung? Wie kann die betroffene Zivilbev\u00f6lkerung \u00fcberhaupt gesch\u00fctzt und versorgt werden?<br><br>Vertreter der Hilfsorganisation diskutieren Projekterfahrungen vor Ort, Auswirkungen und Perspektiven der Nothilfe und &#8222;vergessenen Krisen&#8220; im Sudan. Welche Rolle spielen die Menschen, welche die Medien und welche die verantwortliche Politik?<br><br>Pressemitteilung <a rel=\"noreferrer noopener\" href=\"http:\/\/www.nordsuedforum.de\" target=\"_blank\">Nord S\u00fcd Forum<\/a> \/ <a rel=\"noreferrer noopener\" href=\"http:\/\/www.aerztederwelt.org\/\" target=\"_blank\">\u00c4rzte der Welt<\/a><\/td><\/tr><tr><td><strong>Freitag, 1. Oktober<\/strong><br>18:00<br>Feierwerk<\/td><td><strong>Rage against Abschiebung #6<\/strong><br>Das Solidarit\u00e4tsfestival 2004<br><a rel=\"noreferrer noopener\" href=\"http:\/\/www.rageagainstabschiebung.de\/\" target=\"_blank\">mehr &#8230;<\/a><br>Pressemitteilung <a rel=\"noreferrer noopener\" href=\"http:\/\/lola.d-a-s-h.org\/bfr\/bfr\/\" target=\"_blank\">Bayerischer Fl\u00fcchtlingsrat<\/a> und <a rel=\"noreferrer noopener\" href=\"http:\/\/carava.net\/\" target=\"_blank\">KARAWANE<\/a><\/td><\/tr><tr><td><strong>Mittwoch, 29. September<\/strong><br>19:30<br>EineWeltHaus<\/td><td><strong>Das Kapital und seine Krisen<\/strong><br>Akkumulation, Konkurrenz, Krise &#8211; Grundkategorien von Marx&#8216; Kritik der politischen \u00d6konomie<br>Vortrag und Diskussion mit Michael Heinrich<br><a rel=\"noreferrer noopener\" href=\"http:\/\/www.gegenentwurf-muenchen.de\/demnaechst.htm\" target=\"_blank\">mehr &#8230;<\/a><br>Pressemitteilung <a rel=\"noreferrer noopener\" href=\"http:\/\/www.gegenentwurf-muenchen.de\/\" target=\"_blank\">Gegenentwurf e.V.<\/a><\/td><\/tr><tr><td><strong>Mittwoch, 29. September<\/strong><br>9:30 bis 17:00<br>Hochschule f\u00fcr Philosophie<\/td><td><strong>Studientag zur Abschiebehaft<\/strong><br>Ein breites Aktionsb\u00fcndnis l\u00e4dt zu dem Studientag mit Referaten und Arbeitsgruppen ein.<br>Anmeldung bis 15.09.04 beim M\u00fcnchner Fl\u00fcchtlingsrat, Goethestra\u00dfe 53, 80336 M\u00fcnchen<br>oder <a href=\"mailto:martina.ortner@aida-archiv.de\">martina.ortner@aida-archiv.de<\/a><br>Einladung<br>Pressemitteilung Bayerisches Aktionsb\u00fcndnis gegen Abschiebehaft<\/td><\/tr><tr><td><strong>Fr.24.\/Sa.25.9.<\/strong><br>TAGWERK-Zentrum Dorfen<\/td><td><strong>Fachtagung: &#8222;Mythos Autobahn&#8220;<\/strong><br>Bringen immer perfektere Stra\u00dfen noch einen Nutzen f\u00fcr regionales Wirtschaften?<br><a href=\"http:\/\/www.tagwerk.net\/aktuelles\/Programmflyer.pdf\" target=\"_blank\" rel=\"noreferrer noopener\">Programm-Flyer<\/a> <a href=\"http:\/\/www.tagwerk.net\/\" target=\"_blank\" rel=\"noreferrer noopener\">Tagwerk &#8211; regional und \u00f6kologisch<\/a><\/td><\/tr><tr><td><strong>Donnerstag, 23. September<\/strong><br>19:30<br>EineWeltHaus<\/td><td><strong>25 Jahre Alternativer Nobelpreis<\/strong><br>Wege und Visionen f\u00fcr eine bessere Zukunft<br>Geseko von L\u00fcpke, Autor des Buches &#8222;Die Alternative. Wege und Weltbild des Alternativen Nobelpreises.&#8220;stellt die am Montag bekanntgegebenen Preistr\u00e4gerinnen und Preistr\u00e4ger des Jahres 2004 vor.<br>mehr&#8230;<br><br>Pressemitteilung <a rel=\"noreferrer noopener\" href=\"http:\/\/emanzipationhumanum.de\" target=\"_blank\">Initiative Emanzipation ad Humanum<\/a><\/td><\/tr><tr><td><strong>Mittwoch, 22. September<\/strong><br>19:30<br>Seidlvilla<\/td><td><strong>&#8222;Eine Welt des Friedens und der Freiheit: Zukunftsvorstellungen des Widerstandes gegen das Nazisystem&#8220;<\/strong><br>Vortrag und Diskussion mit Friedbert M\u00fchldorfer, Landessprecher der VVN\/BdA<br>Martin L\u00f6wenberg, Zeitzeuge Nach den Wahlerfolgen der rechten Parteien am 19.September in Sachsen und Brandenburg lohnt sich ein Blick zur\u00fcck! Vielleicht ist es gerade heute, angesichts von Nazigruppen, die manchmal recht erfolgreich die \u00c4ngste der Menschen zu nutzen verstehen, wichtig, sich wieder vertraut zu machen mit den Hoffnungen auf eine gerechte neue Welt, die die Frauen und M\u00e4nner des antifaschistischen Widerstands entwickelt und zum Teil auch in die bayerische Verfassung und ins Grundgesetz eingebracht haben.<br>Flugblatt<br>Pressemitteilung <a rel=\"noreferrer noopener\" href=\"http:\/\/www.vvn-muenchen.de\" target=\"_blank\">Vereinigung der Verfolgten des Naziregimes \/ Bund der Antifaschisten VVN\/BdA<\/a><\/td><\/tr><tr><td><strong>Mittwoch, 22. September<\/strong><br>19:30<br>EineWeltHaus, Gro\u00dfer Saal<\/td><td><strong>&#8222;Es ist genug f\u00fcr alle da&#8220; &#8211; Alternativen zur herrschenden Politik<br>&#8211; Existenzgeld f\u00fcr Alle &#8211; Realistische Alternative oder sozialromantische Spinnerei? &#8211;<\/strong><br>Die Idee eines Existenzgeldes f\u00fcr alle diejenigen, die es ben\u00f6tigen oder wollen, ist nicht neu. Bereits zu Beginn der 90er-Jahre findet sie sich, damals unter dem Begriff &#8222;Grundsicherung&#8220;, z.B. in den Parteiprogrammen von B\u00fcndnis 90\/Die Gr\u00fcnen. Angesichts zunehmender Prekarit\u00e4t f\u00fcr Millionen von Menschen in der BRD entflammt die Diskussion \u00fcber eine solche existenz- und damit W\u00fcrde sichernde Forderung derzeit neu. Wie weit ist eine solche Forderung realistisch, wie l\u00e4sst sich Existenzgeld finanzieren? Welche Konzepte werden derzeit diskutiert, wo liegen die Unterschiede und Gemeinsamkeiten? Und: wie l\u00e4sst sich eine breite Akzeptanz f\u00fcr das Existenzgeld organisieren, ohne einer Debatte um ein &#8222;Sozialschmarotzertum&#8220; Vorschub zu leisten?<br><br>Pressemitteilung <a rel=\"noreferrer noopener\" href=\"http:\/\/www.attac-m.org\" target=\"_blank\">Attac M\u00fcnchen<\/a><\/td><\/tr><tr><td><strong>Mittwoch, 22. September<\/strong><br>20:00<br>Lindenkeller, Freising<\/td><td><strong>&#8222;Der Globalisierung zum Trotz&#8220;<\/strong><br>ein regionales Wirtschaftsmodell feiert Jubil\u00e4um<br>Auftakt zur Festwoche 20 Jahre TAGWERK<br>Vorst\u00e4nde des Bund Naturschutz und des Anbauverbandes Bioland und ein Tagwerkbauer referieren, der Landrat und der Bundesumweltminister sprechen Gru\u00dfworte zum 20. Geburtstag von TAGWERK. <a rel=\"noreferrer noopener\" href=\"http:\/\/www.tagwerk.net\/aktuelles\/Programmflyer.pdf\" target=\"_blank\">Programm-Flyer mit weiteren Veranstaltungshinweisen<\/a><br><br>Pressemitteilung <a rel=\"noreferrer noopener\" href=\"http:\/\/www.tagwerk.net\/\" target=\"_blank\">Tagwerk &#8211; regional und \u00f6kologisch<\/a><\/td><\/tr><tr><td><strong>Er\u00f6ffnung:<br>Mittwoch, 22.&nbsp;September<\/strong><br>19:00<br>Kunstverein M\u00fcnchen<br>Frequenz: UKW 97,8 MHz<br><br>Dauer:<br>22.9.&nbsp;bis&nbsp;16.11.2004<\/td><td><strong>Kreuzungsfrei und ungest\u00f6rt &#8211; mobile Anwendung<br>&#8211; Untergrundradio im M\u00fcnchener Altstadtringtunnel &#8211;<\/strong><br>Am Tag der Er\u00f6ffnung besteht ein Linienbustransit durch den Altstadtringtunnel, zu jeder vollen Stunde ab 17:00 Uhr.<br>Haltestelle: Kunstverein M\u00fcnchen. transit~wellen besch\u00e4ftigt sich mit der Verst\u00e4ndigung im und \u00fcber den \u00f6ffentlichen Raum und seiner Grenzen. Sie werden bestimmt durch symbolische Aufladung, die sich in der physischen wie elektronischen Sph\u00e4re spiegelt. transit~wellen ist das erste Vorhaben in Deutschland, das die legalen M\u00f6glichkeiten von Micro-FM auslotet und diese Form des Aktivismus einer breiteren \u00d6ffentlichkeit vorstellt. Ab 22. September bis Mitte November 2004 wird im M\u00fcnchener Altstadtringtunnel ein kleiner UKW-Sender angebracht. Autofahrer, die die Stadt im Untergrund passieren, k\u00f6nnen in ihren Radioger\u00e4ten zeitweise v\u00f6llig andere Informationen &#8211; transit~wellen &#8211; empfangen. Ein Programm rund um undokumentierte Mobilit\u00e4t und Passage ersetzt das \u00fcbliche Tunnelrauschen. Der Altstadtringtunnel ist ein Nichtort im Untergrund zwischen dem Haus der Kunst und dem Areal der M\u00fcnchner Pinakotheken. Er untertunnelt das Ensemble bestehend aus dem Konsulat der Vereinigten Staaten, der bayerischen Staatskanzlei und der Ludwigsstrasse. Der Tunnel markiert in der Geschichte der M\u00fcnchner Stadtplanung einen Wendepunkt in der \u00f6ffentlichen Diskussion des urbanen Raums. Weitere Informationen unter <a rel=\"noreferrer noopener\" href=\"http:\/\/www.transitwellen.net\" target=\"_blank\">www.transitwellen.net<\/a> transit~wellen ist ein Projekt von <a rel=\"noreferrer noopener\" href=\"http:\/\/www.schleuser.net\" target=\"_blank\">schleuser.net<\/a> im Rahmen der <a rel=\"noreferrer noopener\" href=\"http:\/\/www.ortstermine-muenchen.de\/seiten\/projekte_2004\/transit_wellen.html\" target=\"_blank\">Ortstermine 2004<\/a> &#8211; Kunst im \u00f6ffentlichen Raum des Kulturreferats der Landeshauptstadt M\u00fcnchen.<br><br>Pressemitteilung <a rel=\"noreferrer noopener\" href=\"http:\/\/www.schleuser.net\" target=\"_blank\">schleuser.net<\/a><\/td><\/tr><tr><td><a><\/a> <strong>Dienstag, 21. September<\/strong><br>19:00<br>Seidlvilla<\/td><td><strong>&#8222;Immer da sein, wo&#8217;s weh tut!<br>Soziale Isolation bei Kindern und Jugendlichen&#8220;<\/strong><br>Die Lehrerin Susanne Korbmacher berichtet \u00fcber ihr kreatives multikulturelles Projekt &#8222;Ghettokids&#8220; im Hasenbergl.<br>mehr&#8230;<br><br>Pressemitteilung <a rel=\"noreferrer noopener\" href=\"http:\/\/humanistische-union.de\/suedbayern\/\" target=\"_blank\">Humanistische Union<\/a><\/td><\/tr><tr><td><a><\/a> <strong>Montag, 20. September<\/strong><br>20:00<br>Theater im Fraunhofer, Fraunhoferstr. 9<\/td><td><strong>&#8222;Leben au\u00dfer Kontrolle. Von Genfood und Designerbabies&#8220;<\/strong><br>Vorf\u00fchrung des Filmes von Bertram Verhaag und Gabriele Kr\u00f6ber und Gespr\u00e4ch mit dem Autor.<br><br>Eine Weltreise, um die fortschreitende Genmanipulation bei Pflanzen, Tieren und Menschen zu erkunden: Indische Bauern stehen vor dem Ruin, verkaufen eine Niere oder begehen Selbstmord. In Kanada macht genmanipulierter Rapssamen vom Nachbarfeld \u00f6kologischen Anbau unm\u00f6glich. Das isl\u00e4ndische Parlament verkauft das gesamte Genpotential seiner Bev\u00f6lkerung an die Pharmaindustrie. \u00c4hnlich das &#8222;Vampirprojekt&#8220;, bei dem 700 sogenannten aussterbenden V\u00f6lkern Blut-, Haar-, und Speichelproben entnommen werden.<br>Weltweit bieten nur eine Handvoll idealistischer Wissenschaftler der Industrie die Stirn und untersuchen &#8211; unabh\u00e4ngig von deren Geld &#8211; die Auswirkungen transgener Tiere und Pflanzen auf die Umwelt und auf unsere Gesundheit, wenn wir diese genmanipulierten Lebensmittel zu uns nehmen.<br><a rel=\"noreferrer noopener\" href=\"http:\/\/www.denkmalfilm.de\/abstracts\/Lakdt.html\" target=\"_blank\">mehr Infos zum Film<\/a><br>Pressemitteilung <a rel=\"noreferrer noopener\" href=\"http:\/\/club-voltaire-muc.de\/\" target=\"_blank\">Club Voltaire<\/a><\/td><\/tr><tr><td><strong>Sa, 18. September<\/strong><br>9:30-16:00<br>Exerzitienhaus der Erzabtei St.Ottilien bei Geltendorf<\/td><td><strong>Heilsame Alternativen<br>Wirtschaft im Dienst des Lebens<\/strong><br>Globale und regionale Alternativen zur weltweiten Wirtschaftschaftskrise.<br>Referent: Prof. Dr. Berger<br>Einladung \u00d6kumenisches Netz Bayern in Koorperation mit Nord-S\u00fcd-Forum FFB<\/td><\/tr><tr><td><a><\/a> <strong>Mittwoch, 15. September<\/strong><br>19:30<br>EineWeltHaus, Gro\u00dfer Saal<\/td><td><strong>&#8222;Auroville &#8211; eine Vision in Arbeit&#8220;<\/strong><br>Vor 35 Jahren entstand in S\u00fcdindien das kosmopolitische Siedlungsprojekt Auroville. Aus der geplanten Zukunftsstadt f\u00fcr 50.000 Menschen &#8211; gem\u00e4\u00df dem integralen Yoga von Sri Aurobindo und der Mutter, wurde zwar nichts, aber es entstand eine bescheidenere Siedlung mit heute 2.000 Menschen, mit \u00f6kologischer, architektonischer und sozialer Experimentierkraft, eigener \u00d6konomie, interessanter politischer Binnenstruktur und einer postkapitalistischen Variante im &#8222;Yoga der Arbeit&#8220;!! Renate B\u00f6rger stellt mit Dias und zahlreichen Dokumenten das Projekt vor.<br>mehr.. Pressemitteilung <a rel=\"noreferrer noopener\" href=\"http:\/\/www.e-f-schumacher-gesellschaft.de\/\" target=\"_blank\">E.F.Schumacher-Gesellschaft<\/a><\/td><\/tr><tr><td><strong>Dienstag, 14. September<\/strong><br>19:00<br>KDA<\/td><td><strong>Das Siemens-Mitarbeiter-Netzwerk NCI<\/strong><br>Als Reaktion auf die geplanten Massenentlassungen bei Siemens Hofmannstra\u00dfe hat sich ein Mitarbeiter-Netzwerk <a href=\"http:\/\/www.nci-net.de\/\" target=\"_blank\" rel=\"noreferrer noopener\">NCI<\/a> (network for cooperation &amp; initiative) gebildet. Das Netzwerk dient der gegenseitigen Unterst\u00fctzung, Beratung, Information und Aktionen und ist mit etwa 900 Mitgliedern bundesweit eine nahezu einmalige Form der Mitarbeiterorganisation gegen Personalabbau. Der KDA bietet seit Beginn dem Netzwerk einen Zufluchts- und Unterst\u00fctzungsort. Gemeinsam mit Gemeinden, kirchlichen Fachdiensten, Betriebsr\u00e4ten und dem NCI werden regelm\u00e4\u00dfig Foren der Solidarit\u00e4t veranstaltet. An diesem Abend erz\u00e4hlten Menschen des Netzwerkes \u00fcber Erfahrungen, Hoffnung und Erfolge. <a href=\"http:\/\/www.nci-net.de\/\" target=\"_blank\" rel=\"noreferrer noopener\">mehr Informationen \u00fcber NCI<\/a> <a href=\"http:\/\/www.afa-muenchen.de\/\" target=\"_blank\" rel=\"noreferrer noopener\">Aktionsgemeinschaft f\u00fcr Arbeitnehmerfragen in der Evang.-Luth. Kirche in Bayern \/ afa M\u00fcnchen<\/a><br>Bildergalerie: &nbsp; &nbsp; <strong>bitte auf ein Bild klicken!<\/strong><br><br><a href=\"javascript:openPopup('fotos\/2004-09-14--afa-nci-vortrag\/bild-2.htm',720,640);\"><\/a> <a href=\"javascript:openPopup('fotos\/2004-09-14--afa-nci-vortrag\/bild-3.htm',720,640);\"><\/a> <a href=\"javascript:openPopup('fotos\/2004-09-14--afa-nci-vortrag\/bild-4.htm',720,640);\"><\/a> <a href=\"javascript:openPopup('fotos\/2004-09-14--afa-nci-vortrag\/bild-1.htm',720,640);\"><\/a><\/td><\/tr><tr><td><strong>Mittwoch, 8. September<\/strong><br>19:30<br>EineWeltHaus, Raum 211<\/td><td><strong>&#8222;Es ist genug f\u00fcr alle da&#8220; &#8211; Alternativen zur herrschenden Politik<br>&#8211; Hartz IV: Reform oder Verelendung des Sozialstaates? &#8211;<\/strong><br>Hartz IV besch\u00e4ftigt die gesamte Republik seit Wochen und angesichts des wachsenden Protests, der st\u00e4ndig zunehmenden Montagsdemonstrationen und des sich zusehends organisierenden Widerstands ist mit einem hei\u00dfen Herbst zu rechnen.<br>Grund genug, dass wir uns schlau machen!<br>Was konkret sind die Inhalte von Hartz IV? Welche Auswirkungen haben die Gesetze auf wen? Welche Ver\u00e4nderungen bringt Hartz IV f\u00fcr welche Menschen? Und welche Ver\u00e4nderungen in unserer Gesellschaft?<br>Mit diesen Fragen wird sich der Vortrag besch\u00e4ftigen &#8211; und nat\u00fcrlich mit der Frage, was jede\/r Einzelne von uns und wir gemeinsam unternehmen k\u00f6nnen, um Hartz IV zu verhindern.<br>Referent: Kurt Haymann Pressemitteilung <a rel=\"noreferrer noopener\" href=\"http:\/\/www.attac-m.org\" target=\"_blank\">Attac M\u00fcnchen<\/a><br><\/td><\/tr><tr><td><strong>Dienstag, 7. September<\/strong><br>19:30<br>EineWeltHaus<\/td><td><strong>Schluss mit der Besatzung &#8211; jetzt<\/strong><br>Raid Naim zeigt, was wenige Wochen Besatzung anrichten am Beispiel eines Ortes in Gaza, der seit Jahren wieder und wieder von der israelischen Armee heimgesucht wird.<br>mehr&#8230;<br>Pressemitteilung<br>Veranstaltungsbericht und Demo-Aufruf Friedensaktion Pal\u00e4stina im Interkulturellen Forum e.V.<\/td><\/tr><tr><td><strong>Sonntag, 5.September<\/strong><br>ab 11:00<br>Ludwigstra\u00dfe zwischen Galeriestra\u00dfe und Von-der-Tann-Stra\u00dfe<\/td><td><strong>SOZIALFORUM M\u00dcNCHEN auf dem Streetlife Festival<\/strong><br>B\u00fcrgerinitiativen und Selbsthilfegruppen, Alternativmedien und Aktionsgruppen gegen Sozialabbau stellen sich zum Auftakt des ersten Sozialforums M\u00fcnchen mit Infost\u00e4nden und einem B\u00fchnenprogramm (Musik und Kabarett) vor und laden zum Mitmachen ein. B\u00fchnen Programm:<br>11.15 Kulturwerkstatt<br>12.15 Das Kombinat (Sozialrap)<br>13.15 Freudentanz (Tanzprojekt)<br>14.00 Das Kombinat (Sozialrap)<br>15.00 Treibholz (Trommelprojekt)<br>16.00 Via Jante (Samba)<br>16.45 Karl Heinz Wassermann (Singer\/Songwriter)<br>17.30 Zwei Mann\/ Frau Sketch<br>18.00 Talkrunde: Was tun gegen Sozialabbau?<br>19.00 Tomintoul (Akustik Rock) weitere Informationen unter <a rel=\"noreferrer noopener\" href=\"http:\/\/www.streetlife-festival.de\/september.html#80\" target=\"_blank\">www.streetlife-festival.de\/september.html#80<\/a> GreenCity, LH M\u00fcnchen u.a.<br>Bildergalerie vom Streetlife-Festival 5.9.2004: &nbsp; &nbsp; <strong>bitte auf ein Bild klicken!<\/strong><br><br>                                        <\/td><\/tr><\/tbody><\/table><\/figure>\n\n\n\n<h3>Veranstaltungen Dezember 2004<\/h3>\n\n\n\n<figure class=\"wp-block-table is-style-regular\"><table class=\"has-fixed-layout\"><tbody><tr><td><strong>Donnerstag, 16. Dezember<\/strong><br>20:00<br>Gasteig &#8211; Black Box<br><br>Eintritt: 6 EUR<br><\/td><td>Yecheskiel Cohen:<br><strong>Hilfe f\u00fcr traumatisierte und misshandelte Kinder und Jugendliche<br>&#8211; ein psychoanalytisches Handlungskonzept aus Jerusalem<\/strong><br>Der israelische Psychoanalytiker Yecheskiel Cohen hat in seinen Heimen in Jerusalem \u00fcber viele Jahre hinweg ein international wegweisendes Konzept der integrierten psychoanalytischen Heimbehandlung von traumatisierten und misshandelten Kindern und Jugendlichen entwickelt. Viele dieser Kinder oder deren Eltern sind vor der Shoa geflohen oder gepr\u00e4gt von gewaltsamer Vertreibung aus arabischen Staaten nach der Gr\u00fcndung des Staates Israel. In seinem soeben erschienenen Buch &#8222;Das misshandelte Kind&#8220; beschreibt Cohen anhand ersch\u00fctternder Beispiele seine Erfahrungen mit Kindern und Jugendlichen, deren Entwicklung durch Gewalterfahrungen und Destruktivit\u00e4t gest\u00f6rt wurde. Dr. Yecheskiel Cohen wurde 1932 in Bernburg an der Saale geboren und konnte noch 1938 mit seinen Eltern und Geschwistern nach Pal\u00e4stina emigrieren. Er ist Lehranalytiker der Israelischen Psychoanalytischen Gesellschaft, deren Pr\u00e4sident er 1988 bis 1990 war, und lehrte an der Hebr\u00e4ischen Universit\u00e4t Jerusalem. 40 Jahre lang war er Direktor des B \u00b4nai B \u00b4rith Residential Treatment Centre sowie des Instituts Beit Hanna in Jerusalem. M\u00fcnchner Volkshochschule<br>In Zusammenarbeit mit der Literaturhandlung.<\/td><\/tr><tr><td><br><strong>Mittwoch, 15. Dezember<\/strong><br>18:00<br>St. Joachim, Gro\u00dfer Saal<\/td><td><br><strong>Forum der Solidarit\u00e4t<\/strong><br>Thema:<br><strong>&#8222;CHANCE ZUM NEUANFANG ?&#8220; &#8211; die Situation vor Jahresende &#8211;<\/strong><br>Initiative zur Vernetzung mit Erfahrungsaustausch, Info&#8217;s und Ideen<br><a href=\"http:\/\/www.nci-net.de\/Archiv\/Solidaritaet\/2004-12-15-einladung-forum-der-solidaritaet.doc\" target=\"_blank\" rel=\"noreferrer noopener\">Einladung<\/a> Das &#8222;Forum der Solidarit\u00e4t&#8220; ist ein Zusammenschluss der katholischen und evangelischen Kirchengemeinden in Sendling und den kirchlichen Fachdiensten als Solidarit\u00e4t mit Siemens-Mitarbeitern in M\u00fcnchen Hofmannstr.<br><a href=\"http:\/\/www.nci-net.de?Archiv\/Solidaritaet\/sendlinger-kirchen.html\" target=\"_blank\" rel=\"noreferrer noopener\">Forum der Solidarit\u00e4t<\/a><\/td><\/tr><tr><td><strong>Mittwoch, 15. Dezember<\/strong><br>19:30<br>Seidl-Villa<\/td><td>Frieder Otto Wolf:<br><strong>Neue Arbeit, Keine Arbeit, Leben statt Arbeiten?<\/strong><br>Antworten auf den neoliberalen Umbau der Arbeitsverh\u00e4ltnisse<br><a href=\"http:\/\/www.gegenentwurf-muenchen.de\/demnaechst.htm\" target=\"_blank\" rel=\"noreferrer noopener\">Weitere Informationen<\/a> Gegenentwurf &#8211; f\u00fcr eine solidarische Gesellschaft e.V.<br>Gemeinn\u00fctziger Verein f\u00fcr politische Bildung<br><a href=\"http:\/\/www.gegenentwurf-muenchen.de\/\" target=\"_blank\" rel=\"noreferrer noopener\">www.gegenentwurf-muenchen.de\/<\/a><\/td><\/tr><tr><td><strong>Mittwoch, 15. Dezember<\/strong><br>20:00<br>M\u00fcnchner Volkshochschule in Hadern<br>Guardinistr. 90, am Haderner Stern<\/td><td><strong>Agenda 21 in Hadern weihnachtet<\/strong><br>nach einem ereignisreichen Jahr h\u00e4lt auch die Initiative Agenda 21 in Hadern inne und g\u00f6nnt sich eine sch\u00f6pferische Pause. 2004 wurden wir mit einem Landespreis ausgezeichnet und gaben uns mit der Gr\u00fcndung zweier Vereine eine neue Struktur. Trotzdem wollen wir unser kreatives Chaos, das sich in der Vergangenheit bew\u00e4hrt hat, bewahren. Wir halten uns nicht lange mit einer R\u00fcckschau auf, sondern blicken nach vorne: Welche Themen und Projekte werden fortgesetzt, welche greifen wir neu auf, um uns und unsere Mitb\u00fcrgerinnen und Mitb\u00fcrger in Hadern damit zu befassen. Wir laden die Mitb\u00fcrgerinnen und Mitb\u00fcrger ein, uns kennen zu lernen, uns Anregungen zu geben und ganz einfach mit uns Weihnachten zu feiern.<br>Alle Leute mit zukunftsf\u00e4higen Ideen sind besonders willkommen.<br>Eintritt: frei<br>Agenda 21 in Hadern<br>Eugen Kuntze<br>tzkuntze@t-online.de<\/td><\/tr><tr><td><strong>Montag, 13. Dezember<\/strong><br>19:00<br>EineWeltHaus<\/td><td><strong>Plenum Sozialforum M\u00fcnchen<br>Thema: Pal\u00e4stina<\/strong><br>mit Berichten von AktivistInnen der &#8218;Friedensaktion Pal\u00e4stina&#8216; \u00fcber ihre Eindr\u00fccke von der Situation vor Ort. Zu dem Plenum sind alle eingeladen.<br>Einladung<br>Sozialforum M\u00fcnchen<\/td><\/tr><tr><td><a><\/a><br><strong>Montag 13. Dezember<\/strong><br>18:00<br>Agentur f\u00fcr Arbeit M\u00fcnchen<\/td><td><br><strong>Montagsdemo<\/strong><br>Thema: &#8222;Arbeitsplatzvernichtung durch Mobbing &#8220; <a href=\"http:\/\/www.montagsdemo-muenchen.de\/\" target=\"_blank\" rel=\"noreferrer noopener\">http:\/\/www.montagsdemo-muenchen.de\/<\/a> <em>Initiative M\u00fcnchner Montagsdemo<\/em> Bildergalerie: &nbsp; &nbsp; <strong>bitte auf ein Bild klicken!<\/strong><br><br><a href=\"javascript:openPopup('fotos\/2004-12-13--montagsdemo\/bild-1.htm',720,640);\"><\/a> <a href=\"javascript:openPopup('fotos\/2004-12-13--montagsdemo\/bild-2.htm',720,640);\"><\/a> <a href=\"javascript:openPopup('fotos\/2004-12-13--montagsdemo\/bild-3.htm',720,640);\"><\/a> <a href=\"javascript:openPopup('fotos\/2004-12-13--montagsdemo\/bild-4.htm',720,640);\"><\/a> Fotos: klaus<\/td><\/tr><tr><td><strong>Samstag, 11. Dezember<\/strong><br>12:00<br>Goetheplatz<\/td><td>internationale Tag der Menschenrechte am 10.12.<br><strong>Demonstration: ABSCHIEBUNGEN STOPPEN!!!<\/strong><br>Bundesweiter Mobilisierungsaufruf gegen die Verletzung der Menschenrechte von Fl\u00fcchtlingen in Deutschland und anderswo in Europa:<br>NEIN ZU PSYCHOLOGISCHEM DRUCK UND ISOLATION!<br>ASYL IST EIN MENSCHENRECHT!<br>WIR FORDERN EIN RECHT AUF BEWEGUNGSFREIHEIT!<br><a href=\"http:\/\/carava.net\/\" target=\"_blank\" rel=\"noreferrer noopener\">Karawane M\u00fcnchen<\/a><\/td><\/tr><tr><td><strong>Samstag, 11. Dezember<\/strong><br>16:00<br>Ausstellung: bis 13.2.2005<br>t\u00e4glich 10h-22h<br>Gasteig<br><br>Eintritt: frei<\/td><td>10 Jahre REFUGIO M\u00fcnchen<br><strong>&#8222;Ich w\u00fcnsche mir einen Wald mit Apfelbaum&#8220;<\/strong><br>Er\u00f6ffnung der Ausstellung<br>mit Bildern und Objekten von Fl\u00fcchtlingskindern der Refugio Kunstwerkstatt<br><a href=\"http:\/\/www.grenzenlos-frei.de\/aktuell\/aktuell.htm?termine\/body_termine.htm\" target=\"_blank\" rel=\"noreferrer noopener\">mehr Infos<\/a> &nbsp; &nbsp; &nbsp; <a href=\"http:\/\/www.grenzenlos-frei.de\/presse\/pr_info\/presseinfo-ausstellung-2004.pdf\" target=\"_blank\" rel=\"noreferrer noopener\">Pressemitteilung<\/a><br><a href=\"http:\/\/www.refugio-muenchen.de\" target=\"_blank\" rel=\"noreferrer noopener\">Refugio-M\u00fcnchen<\/a> &nbsp;&nbsp; <a href=\"http:\/\/www.grenzenlos-frei.de\" target=\"_blank\" rel=\"noreferrer noopener\">Refugio Kunstwerkstatt<\/a><\/td><\/tr><tr><td><strong>Freitag, 10. Dezember<\/strong><br>10:00 &#8211; 16:00<br>EineWeltHaus<\/td><td><strong>Tagesseminar zum neuen Zuwanderungsgesetz<\/strong><br>Referent:<br>Volker-Maria H\u00fcgel, Projekt &#8222;Qualifizierung der Fl\u00fcchtlingssozialarbeit&#8220;, Gemeinn\u00fctzige Gesellschaft zur Unterst\u00fctzung Asylsuchender e.V., GGUA<br>Anmeldung zum Seminar bis 26.11.2004<br>Seminargeb\u00fchr: 25 EUR<br><a href=\"http:\/\/www.ikforum.de\/aktuelles\/aktuelles.htm\" target=\"_blank\" rel=\"noreferrer noopener\">mehr Infos<\/a><br>PARIT\u00c4TISCHER Wohlfahrtsverband LV Bayern e.V. in Kooperation mit dem <a href=\"http:\/\/www.ikforum.de\" target=\"_blank\" rel=\"noreferrer noopener\">Interkulturellen Forum e.V.<\/a> und dem <a href=\"http:\/\/lola.d-a-s-h.org\/bfr\/bfr\/\" target=\"_blank\" rel=\"noreferrer noopener\">Bayrischen Fl\u00fcchtlingsrat<\/a><\/td><\/tr><tr><td><strong>Freitag, 10. Dezember<\/strong><br>19:30<br>EineWeltHaus, Gro\u00dfer Saal<\/td><td><strong>Euro-Deutschland gegen US-Hegemon?<\/strong><br>&#8211; Globales Kapital, imperialistische Konkurrenz und die Gefahr neuer Kriege Streitgespr\u00e4ch und Diskussion mit Professor Hans Heinz Holz und Conrad Schuhler\/isw <a href=\"http:\/\/www.isw-muenchen.de\/download\/veran20041210.pdf\" target=\"_blank\" rel=\"noreferrer noopener\">Flugblatt<\/a> <a href=\"http:\/\/www.isw-muenchen.de\" target=\"_blank\" rel=\"noreferrer noopener\">institut f\u00fcr sozial-\u00f6kologische wirtschaftsforschung e.V. (isw)<\/a><\/td><\/tr><tr><td><strong>Donnerstag, 9. Dezember<\/strong><br>18:00<br>Kulturzentrum Messestadt West<\/td><td><strong>Reform der Berufsausbildung:<\/strong><br>Aktuelle Diskussion und Perspektiven Gespr\u00e4chspartner:<br>Dr. Klaus Heimann, Leiter Abteilung berufl iche Bildung, IG Metall<br>Rudolf Herwig, stellvertretender Gesch\u00e4ftsf\u00fchrer der Handwerkskammer M\u00fcnchen und Oberbayern<br>Prof. Dr. Karlheinz Gei\u00dfler, Hochschule der Bundeswehr<br>Klaus Barthel, SPD-MdB, Bildungsausschu\u00df Bundestag<br>Stefan Nietsch, Vorsitzender der Gesamtjugendvertretung MAN<br>Wolfgang Braun, Leiter der Berufsberatung und berufl iche Reha, Arbeitsagentur M\u00fcnchen<br>Gerhard L. Endres, Moderation<br>Einladung<br>KAB Arbeitnehmer-Forum Messestadt Riem<br>mit Unterst\u00fctzung der DGB Jugend M\u00fcnchen<\/td><\/tr><tr><td><strong>Donnerstag, 9. Dezember<\/strong><br>19:00<br><strong>Freitag, 10. Dezember<\/strong><br>19:00<br><strong>Sonntag, 12. Dezember<\/strong><br>11:00<br>Maxim-Kino<\/td><td>Die &#8222;Friedensaktion Pal\u00e4stina&#8220; zeigt den sehr bewegenden und literarischen Film<br><strong>&#8222;Schriftsteller der Grenzen&#8220;<\/strong><br>Im Anschluss an die Vorstellungen ist Gelegenheit zur Diskussion<br>Friedensaktion Pal\u00e4stina<\/td><\/tr><tr><td><strong>Donnerstag, 9. Dezember<\/strong><br>20:00<br>Refugio<\/td><td><strong>&#8222;Kirkuk &#8211; Modell oder Albtraum f\u00fcr den Irak?&#8220;<\/strong><br><em>Sonderveranstaltung anl\u00e4sslich des Jahrestages der Erkl\u00e4rung der Menschenrechte<\/em><br>Hawre Zangana bereiste im September diesen Jahres mehrere Wochen den Nordirak. Er hatte dort Kontakt zu Theaterleuten, B\u00fcrgern und Vertretern des \u00f6ffentlichen Lebens aller Parteien. Die Menschen dort k\u00e4mpfen um ihr t\u00e4gliches \u00dcberleben, werden zum Spielball verschiedener Interessen und zerrieben zwischen alten und neuen Machtstrukturen.<br>Hawre Zangana berichtet in seinem Vortrag hautnah \u00fcber diese Reise in seine krisengesch\u00fcttelte Heimat Nordirak. F\u00fcr R\u00fcckfragen wird ausreichend Zeit einger\u00e4umt. Referent: Hawre Zangana<br>Theaterregisseur, Vorstandsmitglied der deutsch-kurdischen Ge-sellschaft, Dolmetscher f\u00fcr kurdische Sprachen bei REFUGIO M\u00fcnchen<br>Eintritt: frei <a href=\"http:\/\/www.refugio-muenchen.de\/\" target=\"_blank\" rel=\"noreferrer noopener\">Refugio M\u00fcnchen,<\/a> Beratungs- und Behandlungszentrum f\u00fcr Fl\u00fcchtlinge und Folteropfer<\/td><\/tr><tr><td><strong>Mittwoch, 8. Dezember<\/strong><br>16:30 auch 15.12.2004<br>\u00d6kologisches Bildungszentrum M\u00fcnchen<\/td><td><strong>Zukunftsfragen &#8211; ein Gespr\u00e4chskreis um Grundfragen des \u00dcber-Lebens<\/strong><br>Wie kann der Energiehunger der Welt gestillt werden, ohne sie weiter aufzuheizen?<br>Werden Kriege demn\u00e4chst um Wasser gef\u00fchrt?<br>F\u00fchrt mehr Mobilit\u00e4t zu mehr Stillstand?<br>Wie lebt eine alternde Gesellschaft mit immer weniger Erwerbsarbeit?<br>Welche Gestaltungsm\u00f6glichkeiten hat die Politik in Zeiten der Globalisierung?<br>Wie kann ich Einfluss nehmen auf die zukunftsf\u00e4hige Entwicklung meiner Stadt?<br>Ein Gespr\u00e4chskreis, der sich anhand aktueller Medienberichte und anhand von Besuchen in verschiedenen Einrichtungen mit Grundfragen einer zukunftsf\u00e4higen Entwicklung von lokal bis global besch\u00e4ftigt.<br>Anmeldung bei der MVHS erbeten<br>Tel: 93 94 89-61 Eintritt: frei<br>M\u00fcnchner Volkshochschule (E-Mail: mvhs@oebz.de)<\/td><\/tr><tr><td><strong>Mittwoch, 8. Dezember<\/strong><br>18:45<br>Die Bank<\/td><td><strong>&#8222;Solidarit\u00e4t 2010 &#8211; Was ist das eigentlich?&#8220;<\/strong><br>F\u00fcnftes Streitgespr\u00e4ch des Netzwerks und Denk Tanks &#8222;m\u00fcnchenPolis&#8220;: Was ist Solidarit\u00e4t? Welche Form von Solidarit\u00e4t wollen wir 2010? Wie definieren wir heute und in Zukunft unser individuelles Verst\u00e4ndnis gegen\u00fcber der Gesellschaft? G\u00e4ste:<br>Christa Stewens, bayerische Sozialministerin,<br>Prof. Franz Josef Radermacher,FAW, Universit\u00e4t Ulm (www.weltvertrag.de),<br>Heiko H\u00fcnsch, Siemens AG Leiter: Public Policy Issues, u.a. soziale Verantwortung von Unternehmen,<br>N.N., Diakonie Hasenbergl (angefragt) Moderation,<br>10-min\u00fctiges Impulsreferat zu Beginn: Sabine Busse und Max Zeidler, m\u00fcnchenPolis<br>Eintritt: frei<br>Veranstalter und Infos: Max Zeidler, <a href=\"http:\/\/www.muenchenpolis.de\" target=\"_blank\" rel=\"noreferrer noopener\">m\u00fcnchenPolis<\/a>, Tel.: 0171-6221137<\/td><\/tr><tr><td><strong>Samstag, 4. Dezember<\/strong><br>10:00 &#8211; 17:00<br>EWH<\/td><td><strong>Basar f\u00fcr Tschetschenien<\/strong><br>Wir verkaufen Kinder- und Erwachsenenkleider, Spielzeug und vieles mehr. Der Erl\u00f6s kommt unseren Projekten in Tschetschenien zugute.<br>Au\u00dferdem k\u00f6nnen Sie sich \u00fcber diese Projekte, \u00fcber die Arbeit unseres Vereins und \u00fcber die aktuelle Situation in Tschetschenienn informieren<br>F\u00fcr landestypische Speisen und Getr\u00e4nke wird gesorgt.<br><a href=\"http:\/\/www.ikforum.de\" target=\"_blank\" rel=\"noreferrer noopener\">Interkulturelles Forum e.V.<\/a><\/td><\/tr><tr><td><strong>Samstag, 4. Dezember<\/strong><br>13:30<br>Lassallestr.\/Ecke Franz-Fackler-Str.; M\u00fcnchen<\/td><td><strong>Demonstration<br>&#8222;Nein zum Transrapid M\u00fcnchen Hbf &#8211; Flughafen&#8220;<\/strong><br>entlang der geplanten Trasse im Stadtgebiet M\u00fcnchen Verlauf:<br>Franz-Fackler-Str.\/Heidelerchenstr.\/<br>LerchenauerStr.\/Berberitzenstr.\/<br>Schittgablerstr.\/Feldbahnstr.\/Triebstr.\/<br>Dieselstr.\/Riesstr.\/Olympia-Pressestadt\/Borstei<br>Flugblatt<br><a rel=\"noreferrer noopener\" href=\"http:\/\/www.contratransrapid.de\/\" target=\"_blank\">Aktionskreis contra Transrapid e. V.<\/a><\/td><\/tr><tr><td><strong>Donnerstag, 2. Dezember<\/strong><br>20:00<br>Vortragssaal der Bibliothek im Gasteig<\/td><td><strong>Die Nahost-Politik der US-Regierung und die Zukunft des Nahen Ostens<\/strong><br>Veranstaltung mit Gilbert Achcar Flugblatt Offene Akademie der M\u00fcnchner Volkshochschule<br><a rel=\"noreferrer noopener\" href=\"http:\/\/www.sterneck.net\/alive\/isp\/index.php\" target=\"_blank\">Neuer ISP Verlag<\/a><br><a rel=\"noreferrer noopener\" href=\"http:\/\/www.vsp-vernetzt.de\" target=\"_blank\">Verein f\u00fcr solidarische Perspektiven VsP<\/a><\/td><\/tr><tr><td><strong>Mittwoch, 1. Dezember<\/strong><br>19:00<br>Odeonsplatz<\/td><td><strong>Welt-Aids-Tag:<br>Candle-Light-Walk<\/strong><br>Der Verlauf des Candle-Light-Walks:<br>Odeonsplatz, Residenzstr., Dienerstr., Marienplatz, Tal, Isartor und Thierschstr. zur St.-Lukas-Kirche am Mariannenplatz.<br>In der St.-Lukas-Kirche findet direkt im Anschlu\u00df (ca. 20 Uhr) eine Gedenkveranstaltung statt. F\u00fcr die musikalische Umrahmung sorgen <a href=\"http:\/\/www.livemusicnow.de\/entree.html\" target=\"_blank\" rel=\"noreferrer noopener\">Jehudi-Menuhin\/Live Music Now <\/a>.<br><a href=\"http:\/\/www.muenchner-aidshilfe.de\/index.php?sid=&amp;ord=events&amp;dat=wat\" target=\"_blank\" rel=\"noreferrer noopener\">mehr Infos<\/a><br><a href=\"http:\/\/www.muenchner-aidshilfe.de\/\" target=\"_blank\" rel=\"noreferrer noopener\">M\u00fcnchner Aids-Hilfe e.V.<\/a><\/td><\/tr><tr><td><strong>Mittwoch, 1. Dezember<\/strong><br>19:00<br>Radio Lora (92,4 MHz, M\u00fcnchner Kabelnetz 96,75 MHz)<\/td><td><strong>attacRadio:<br>&#8222;Cuba und Fidel Castro &#8211; was bedeuten sie f\u00fcr die globaliserungskritische Bewegung?&#8220;<\/strong><br>Gespr\u00e4ch mit dem Kuba-Experten Conrad Schuhler, eine Reportage von Nicole Ruchlak und Zitate von Fidel Castro und Che. <a href=\"http:\/\/www.attac-m.org\" target=\"_blank\" rel=\"noreferrer noopener\">Attac M\u00fcnchen<\/a><\/td><\/tr><tr><td><strong>Mittwoch, 1. Dezember<\/strong><br>19:30<br>Seidl-Villa<\/td><td><strong>Die Au\u00dfenkommandos und Au\u00dfenlager des Konzentrationslagers Dachau<\/strong><br>In insgesamt 145 Au\u00dfenstellen wurden H\u00e4ftlinge des KZ Dachau zu Zwangsarbeit eingesetzt.<br>Vortrag von Sabine Schalm, Historikerin<br><a href=\"http:\/\/www.gegenentwurf-muenchen.de\/demnaechst.htm\" target=\"_blank\" rel=\"noreferrer noopener\">mehr&#8230;<\/a> Eintritt: 5 EUR<br><a href=\"http:\/\/www.gegenentwurf-muenchen.de\/\" target=\"_blank\" rel=\"noreferrer noopener\">Gegenentwurf e.V.<\/a><\/td><\/tr><tr><td><strong>Mittwoch, 1. Dezember<\/strong><br>19:30<br>EineWeltHaus R. 109<\/td><td><strong>Nicaragua &#8211; 25 Jahre nach der sandinistischen Revolution<\/strong><br>Erfahrungsbericht von Eberhard Albrecht, langj\u00e4hrig Mitarbeiter des &#8222;\u00d6kumenischen B\u00fcro f\u00fcr Frieden und Gerechtigkeit&#8220;, der regelm\u00e4\u00dfig Nicaragua bereist. Die Tr\u00e4ume von damals, Ausrottung des Analphabetismus, Gesundheitsversorgung f\u00fcr alle und gerechte Landverteilung, haben sich nicht erf\u00fcllt. Heute ist Nicaragua nach Haiti das \u00e4rmste Land auf dem amerikanischen Kontinent und die Unterschiede zwischen arm und reich sind erschreckend. W\u00e4hrend die Regierenden auf noch st\u00e4rkere Integration in den Weltmarkt setzen mit Freihandelsvertr\u00e4gen, Freien Produktionszonen und Tourismus, haben die Menschen neue \u00dcberlebensstrategien entwickelt. Migration, Jugendbanden und Drogenhandel sind augenf\u00e4llige Beispiele daf\u00fcr. Bei diesen Folgen der &#8222;modernen Globalisierung&#8220; geht es uns nat\u00fcrlich auch um die Gegenwehr dagegen.<br><a href=\"http:\/\/www.bifa-muenchen.de\/bf2004\/Nica-BF2004.html\" target=\"_blank\" rel=\"noreferrer noopener\">Infos<\/a><br><a href=\"http:\/\/www.bifa-muenchen.de\/\" target=\"_blank\" rel=\"noreferrer noopener\">M\u00fcnchner B\u00fcrgerinitiative f\u00fcr Frieden und Abr\u00fcstung (BIFA)<\/a><\/td><\/tr><tr><td><strong>Mittwoch, 1. Dezember<\/strong><br>20:00<br>Radio Lora (92,4 MHz, M\u00fcnchner Kabelnetz 96,75 MHz)<\/td><td><strong>NCIonAir:<br>&#8222;Stellenabbau bei Karstadt und Opel &#8222;<\/strong><br><a href=\"http:\/\/www.nci-net.de\/Archiv\/NCIonAir\/17-Stellenabbau-bei-Karstadt-und-Opel-011204-NCIonAir.mp3\" target=\"_blank\" rel=\"noreferrer noopener\">Sendung anh\u00f6ren (MP3, 10.3 MB)<\/a> <a href=\"http:\/\/www.nci-net.de\/\" target=\"_blank\" rel=\"noreferrer noopener\">NCI<\/a><\/td><\/tr><\/tbody><\/table><\/figure>\n\n\n\n<h3>Veranstaltungen November 2004<\/h3>\n\n\n\n<figure class=\"wp-block-table is-style-regular\"><table class=\"has-fixed-layout\"><tbody><tr><td><strong>nur noch bis 5.12.<\/strong><br>t\u00e4glich 10 bis 20h<br>Praterinsel, Zollgew\u00f6lbe<\/td><td><strong>&#8222;Was sehen Sie, Frau Lot&#8220;<\/strong><br>Wanderausstellung zu sexueller Gewalt an M\u00e4dchen und Frauen &#8211; gegen T\u00e4terschutz <a href=\"http:\/\/www.muenchen.de\/FrauLot\" target=\"_blank\" rel=\"noreferrer noopener\">Ausstellung und Begleitprogramm<\/a><br><a href=\"http:\/\/www.frau-lot.de\/\" target=\"_blank\" rel=\"noreferrer noopener\">www.frau-lot.de<\/a> Eintritt: frei <a href=\"http:\/\/www.muenchen.de\/Rathaus\/rgu\/37588\/index.html\" target=\"_blank\" rel=\"noreferrer noopener\">LH M\u00fcnchen, Referat f\u00fcr Gesundheit und Umwelt<\/a> &nbsp; u.a.<\/td><\/tr><tr><td><strong>31.Oktober bis 21. November<\/strong><br><\/td><td><strong>M\u00fcnchner Friedenswochen<br>&#8222;Gleiches Recht f\u00fcr alle Menschen, alle V\u00f6lker!&#8220;<\/strong> <a href=\"http:\/\/www.muenchner-friedensbuendnis.de\/archiv\/Friedenswochen\/0411_Friedwoch.html\" target=\"_blank\" rel=\"noreferrer noopener\">\u00bb&nbsp;Programm&nbsp;\u00ab<\/a> <strong>daraus einige der ca. 25 Veranstaltungen:<\/strong> <strong>Di., 9.11.04<\/strong>, 19:30 &#8211; 22:00 Uhr, Truderinger Frauen f\u00fcr Frieden und Abr\u00fcstung,<br>Vortrag und Diskussion, Paul B. Kleiser (Politologe),<br><strong>&#8222;EU-Verfassung, Rechte f\u00fcr die B\u00fcrger oder f\u00fcr die Wirtschaft&#8220;<\/strong><br>Familien.Zentrum Trudering e.V., Dompfaffweg 10, Gelber Raum, 1. Stock, <strong>Di., 9.11.04<\/strong>, 19:30 Uhr, Internationale Frauenliga f\u00fcr Frieden&amp;Freiheit in Koop. mit Petra-Kelly-Stiftung,<br>Lesung der Autorin Ute Scheub aus ihrem Buch<br><strong>&#8222;Friedenstreiberinnen&#8220;<\/strong><br>mit Diskussion und musikalischem Rahmen,<br>TAMS-Theater am Sozialamt <strong>Mi., 10.11.04, <\/strong>19:00 &#8211; 22:00 Uhr,<br>M\u00fcnchner Friedensb\u00fcndnis in Zusammenarbeit mit Friedensb\u00fcro e.V.,<br>Clemens Ronnefeldt (Referent f\u00fcr Friedensfragen beim deutschen Zweig des Internationalen Vers\u00f6hnungsbundes),<br><strong>&#8222;Ein politischer Reisebericht aus dem Libanon und aus Syrien&#8220;<\/strong><br>Vortrag mit&nbsp; Lichtbildern. Eintritt: 2 Euro,<br>EineWeltHaus, Gro\u00dfer Saal <strong>Mi., 17.11.04<\/strong>, 19:30 Uhr, Ev. Vers\u00f6hnungskirche in der KZ-Gedenkst\u00e4tte Dachau,<br>Vortrag Dr. Hans-Rudolf Gr\u00fcber,<br><strong>&#8222;Allein gegen Eichmann &#8211; Pfarrer Heinrich Gr\u00fcbers Einsatz f\u00fcr Rassenverfolgte&#8220;<\/strong><br>Ev. Vers\u00f6hnungskirche in der KZ-Gedenkst\u00e4tte Dachau,&nbsp;Alte&nbsp;R\u00f6merstr.&nbsp;87<br><strong>Mi., 17.11.04<\/strong>, 19:30 Uhr, VVN-BdA (Vereinigung der Verfolgten des Naziregimes\/ Bund der Antifaschisten und Antifaschistinnen),<br><strong>&#8222;Als Zigeuner verfolgt&#8230;, Hugo H\u00f6llenreiner berichtet von seinem Schicksal in der Nazizeit&#8220;<\/strong>,<br>Seidl-Villa, Nikolaipl. 2, <strong>So., 21.11.04<\/strong>, 19:30 Uhr,<br><strong>&#8222;Eine Analyse der US-Pr\u00e4sidentschaftswahl &#8211; What happened?&#8220;<\/strong>,<br>Vortrag und Diskussion mit Sarah van Gelder<br>EineWeltHaus R211 (Eintritt 3 Euro) <strong>Mo., 22.11.04<\/strong>, 17:00 Uhr,<br><strong>&#8222;Islam und Islamismus &#8211; eine Herausforderung f\u00fcr Deutschland&#8220;<\/strong>,<br>Vortrag und Diskussion mit Dr. Peter Barth (Studiengesellschaft f\u00fcr Friedensforschung e.V.)<br>P\u00e4dagogisches Institut der LHM, Herrnstr.19 <strong>Di., 23.11.04<\/strong>, 19:30 Uhr, B\u00fcndnis M\u00fcnchen gegen Krieg,<br><strong>&#8222;Der globale Kapitalismus &amp; seine Weltordnungskriege&#8220;<\/strong>,<br>Referent: Winfried Wolf<br>EineWeltHaus<br><a href=\"http:\/\/www.muenchner-friedensbuendnis.de\" target=\"_blank\" rel=\"noreferrer noopener\">M\u00fcnchner Friedensb\u00fcndnis<\/a><\/td><\/tr><tr><td><strong>26.11. bis 19.12.<\/strong><br>t\u00e4glich 10 bis 19h<br>Kunstarkaden<\/td><td><strong>Ausstellung<br>&#8222;Der NS-V\u00f6lkermord an den Sinti und Roma&#8220;<\/strong><br>Ca. 500.000 Sinti und Roma fielen im nationalistisch besetzten Europa dem Holocaust im &#8218;Dritten Reich&#8216; in den Jahren von 1933 bis 1945 zum Opfer. Ausgehend von konkreten Einzelschicksalen wird die Vernichtungspolitik gegen\u00fcber der Minderheit nachgezeichnet, von der stufenweisen Ausgrenzung und Entrechtung bis hin zum fabrikm\u00e4\u00dfigen Massenmord. Eintritt: frei <a href=\"http:\/\/www.vvn-muenchen.de\/\" target=\"_blank\" rel=\"noreferrer noopener\">Vereinigung der Verfolgten des Naziregimes\/Bund der AntifschistInnen M\u00fcnchen<\/a> (VVN\/BdA)<\/td><\/tr><tr><td><strong>Freitag, 19. November<\/strong><br>19:30<br>DGB-Haus<\/td><td><strong>3. Treffen Europ\u00e4isches Sozialforum (15.-17.10. in London)<\/strong><br>Eindr\u00fccke &#8211; Beurteilungen &#8211; Perspektiven<br>Einladung<br>Sozialforum M\u00fcnchen<\/td><\/tr><tr><td><strong>Donnerstag, 18. November<\/strong><br>20:00<br>Feierwerk<\/td><td><strong>Kultur Shock<\/strong><br>Solidarit\u00e4tskonzertKonzert<br>Die Musiker und Musikerinnen kommen aus Bulgarien, Kroatien, Bosnien, Japan, USA etc. &#8211; kennen gelernt haben sie sich in Seattle. Balkan-Folk montieren sie mit Punk, Metal oder Rumba und bei ihren Konzerten muss man sich immer fragen, was f\u00fcr ein skurriler Dreh als n\u00e4chstes kommt und mit welcher Montage sie als n\u00e4chstes verbl\u00fcffen. Eine Band, die sich nicht im aktuellen Balkan-Hype verheizen l\u00e4sst, sondern ganz ihr eigenes Ding macht.<br><a href=\"http:\/\/www.oeku-buero.de\/aktuelles\/aktuelles_20041118feierwerk.html\" target=\"_blank\" rel=\"noreferrer noopener\">mehr &#8230;<\/a><br>Eintritt Euro : 9,- \/ 7,- Euro <a href=\"http:\/\/www.oeku-buero.de\/\" target=\"_blank\" rel=\"noreferrer noopener\">\u00d6kumenisches B\u00fcro f\u00fcr Frieden und Gerechtigkeit e. V.<\/a><\/td><\/tr><tr><td><a><\/a> <strong>Mittwoch, 17. November<\/strong><br>17:30<br>Augustiner<\/td><td><strong>bundesweiter dezentraler Aktionstag gegen Hartz IV<\/strong> <strong>Aktionskonferenz des Verdi-Bezirks M\u00fcnchen<\/strong><br>Eingeladen sind Kollegen und Kolleginnen aller(!) M\u00fcnchner Gewerkschaften!<br>Verdi-Bezirk M\u00fcnchen<\/td><\/tr><tr><td><strong>Mittwoch, 17. November<\/strong><br>9:30 &#8211; 11:30<br>Agentur f\u00fcr Arbeit M\u00fcnchen<\/td><td><strong>bundesweiter dezentraler Aktionstag gegen Hartz IV<\/strong><br>Arbeitslosenhetze schafft keine Arbeitspl\u00e4tze!<br>Stoppt die R\u00e4uber!<br><strong>Kundgebung<\/strong><br>mit Redebeitr\u00e4gen, Infost\u00e4nden, Stra\u00dfentheater u.a.<br>Aktion gegen Sozialkahlschlag im Sozialforum M\u00fcnchen Bildergalerie: &nbsp; &nbsp; <strong>bitte auf ein Bild klicken!<\/strong><br><br><a href=\"javascript:openPopup('fotos\/2004-11-17--arbeitsamt\/bild-1.htm',720,640);\"><\/a> <a href=\"javascript:openPopup('fotos\/2004-11-17--arbeitsamt\/bild-2.htm',720,640);\"><\/a> <a href=\"javascript:openPopup('fotos\/2004-11-17--arbeitsamt\/bild-3.htm',720,640);\"><\/a> <a href=\"javascript:openPopup('fotos\/2004-11-17--arbeitsamt\/bild-4.htm',720,640);\"><\/a> <a href=\"javascript:openPopup('fotos\/2004-11-17--arbeitsamt\/bild-5.htm',720,640);\"><\/a> <a href=\"javascript:openPopup('fotos\/2004-11-17--arbeitsamt\/bild-6.htm',720,640);\"><\/a> <a href=\"javascript:openPopup('fotos\/2004-11-17--arbeitsamt\/bild-7.htm',720,640);\"><\/a> <a href=\"javascript:openPopup('fotos\/2004-11-17--arbeitsamt\/bild-8.htm',720,640);\"><\/a> Fotos: klaus<\/td><\/tr><tr><td><strong>nur noch bis Mo. 29.November<\/strong><br><\/td><td><strong>Volksbegehren &#8222;Aus Liebe zum Wald&#8220;.<\/strong><br>10% der Stimmberechtigten m\u00fcssen sich zu einem Volksbegehren eintragen, damit es zum Volksentscheid kommt. Eintragungsstellen in M\u00fcnchen (PDF 50kB) <a rel=\"noreferrer noopener\" href=\"http:\/\/www.volksbegehren-wald.de\/\" target=\"_blank\">www.volksbegehren-wald.de<\/a><br><\/td><\/tr><tr><td><strong>Montag, 15. November<\/strong><br>18:00<br>Passionskirche<\/td><td><strong>St. Martin, Symbol der Solidarit\u00e4t<\/strong><br>St.Martins-Zug &#8211; Laternen-Demo<br>Bitte Laternen mitbringen!<br>Am 11.11.2002 erhielten ca. 600 KollegInnen im Betrieb Siemens-Hofmannstra\u00dfe die sog. &#8222;blauen Briefe&#8220;. Viele von ihnen k\u00e4mpfen seitdem sehr erfolgreich noch heute um ihre Arbeitspl\u00e4tze. M\u00f6glich war das nur, weil sie sich dabei solidarisch gegenseitig unterst\u00fctzten. Was lag da n\u00e4her, als sich St. Martin als Symbolfigur zu w\u00e4hlen. Unterst\u00fctzt wurden sie auch von den beiden Kirchen, der Evang. Passionskirche und der Kath. Pfarrei St. Joachim. Wie <a href=\"http:\/\/www.nci-net.de\/Archiv\/NCI\/nci-igm-demos\/nci-igm-demos.htm#Laternen\" target=\"_blank\" rel=\"noreferrer noopener\">im letzten Jahr<\/a> f\u00fchrt unser Weg wieder von der Passionskirche zu St. Joachim. <a href=\"http:\/\/www.nci-net.de\/\" target=\"_blank\" rel=\"noreferrer noopener\">NCI, Netzwerk der vom Stellenabbau betroffenen Siemens Mitarbeiter<\/a><\/td><\/tr><tr><td><strong>Samstag, 13. November<\/strong><br>13:00 &#8211; 15:00<br>Marienplatz<\/td><td><strong>Protestaktion gegen den US-Terrorangriff auf Falludscha<\/strong><br>Die milit\u00e4rische Gro\u00dfoffensive der US-Truppen auf Falludscha droht alle bisherigen Gewaltakte der Besatzungstruppen im Irak in den Schatten zu stellen. Um den Irak zu &#8222;befreien&#8220;, wurden bereits mehr als 100.000 irakische M\u00e4nner und Frauen, Kinder und Greise get\u00f6tet. Doch der Krieg nimmt kein Ende. Nicht der Widerstand, sondern die Besatzungsherrschaft ist v\u00f6lkerrechtswidrig &#8211; und ein Verbrechen. <strong>Beteiligt Euch am Protest gegen Besatzungsterror!<\/strong><br>Flugblatt<br><a rel=\"noreferrer noopener\" href=\"http:\/\/www.muenchen-gegen-krieg.de\/\" target=\"_blank\">B\u00fcndnis M\u00fcnchen gegen Krieg <\/a>,<\/td><\/tr><tr><td><strong>Samstag, 13. November<\/strong><br>14:00 &#8211; 18:00<br>Seidlvilla<\/td><td><strong>Workshop zu &#8222;Ideen des sozialen Gestaltens&#8220;<\/strong><br>Leitung: Mignon v. Scanzoni, M.A., Soziologin, Trainerin und Coach f\u00fcr Potenzialentwicklung und Gesundheitsf\u00f6rderung<br>Seminargeb\u00fchr: 15.- Euro<br><a href=\"http:\/\/www.e-f-schumacher-gesellschaft.de\/forum09_04.pdf\" target=\"_blank\" rel=\"noreferrer noopener\">mehr<\/a><br><a href=\"http:\/\/www.e-f-schumacher-gesellschaft.de\/\" target=\"_blank\" rel=\"noreferrer noopener\">E.F. Schumacher Gesellschaft f\u00fcr politische \u00d6kologie <\/a>, Seidlvillaverein<\/td><\/tr><tr><td><strong>Samstag, 13. November<\/strong><br>18:00<br>Kreuzkirche<\/td><td><strong>GEWALT HAT KEINE ZUKUNFT !!<\/strong><br>Projekt: M\u00fcnchner &#8218;Sicherheitskonferenz&#8217;ver\u00e4ndern<br>Musik: Hans Ulrich Stark<br>Flyer &nbsp; &nbsp; (PDF 450kB) Politisches Samstagsgebet<\/td><\/tr><tr><td><strong>Freitag, 12. November<\/strong><br>13:00 &#8211; ca.&nbsp;21:00<br>Fachhochschule M\u00fcnchen<\/td><td><strong>Sozial- und Umweltstandards bei Unternehmen:<\/strong><br>Chancen und Grenzen<br>Wie kann Verantwortung von multinationalen Unternehmen in einer globalisierten Welt &#8218;verankert\u2019 bzw. kodifiziert werden? Soll dies dem Markt \u00fcberlassen werden, der &#8217;s\u00fcndige Unternehmen\u2019 zum Beispiel auf Grund von Verbrauchermacht bestraft? Oder ist die Etablierung globaler Rahmenordnungen der bessere Weg?<br>Zwischen \u00f6konomischer Liberalisierung und sozial-\u00f6kologischer Regulierung gibt es seit einigen Jahren mehrere Versuche, multinationale Unternehmen durch verschiedenste Regelwerke, Standards, Code of Conducts, Leitlinien oder Verhaltenskodizes in die Pflicht zu nehmen. Sie unterscheiden sich nicht nur in ihren Inhalten, sondern auch in der grunds\u00e4tzlichen Vorgehensweise: W\u00e4hrend sich einige dieser Versuche als verbindliche Standards begreifen, verstehen sich andere als auf Freiwilligkeit basierende Lernforen.<br><br>Referenten aus NGOs, Wissenschaft, Politik und Wirtschaft<br><br><a href=\"http:\/\/www.eineweltnetzbayern.de\/downloads\/Flyer2-seitig-Veranstaltung-20041112.pdf\" target=\"_blank\" rel=\"noreferrer noopener\">Programm<\/a> (PDF 340kB)<br>Eintritt: frei <a href=\"http:\/\/www.eineweltnetzbayern.de\" target=\"_blank\" rel=\"noreferrer noopener\">Eine Welt Netzwerk Bayern e.V. <\/a>, Bayerische Landeszentrale f\u00fcr politische Bildungsarbeit,<br>in Kooperation mit Germanwatch e.V.<\/td><\/tr><tr><td><strong>Freitag, 12. November<\/strong><br>16:30 &#8211; 20:45<br>Anton-Fingerle-Bildungszentrum<\/td><td>4. M\u00fcnchner Nachhaltigkeitsforum<br><strong>&#8222;Nachhaltig sozial &#8211; ein Konzept f\u00fcr wirtschaftliche Krisenzeiten?&#8220;<\/strong><br>Um telefonische Anmeldung wird gebeten.<br>mehr &#8230;<br><a rel=\"noreferrer noopener\" href=\"http:\/\/www.muenchen.de\/Rathaus\/rgu\/agenda21\/37850\/index.html\" target=\"_blank\">Agenda 21-B\u00fcro <\/a>, M\u00fcnchner Umwelt-Zentrum e.V., B\u00fcrgerstiftung Zukunftsf\u00e4higes M\u00fcnchen<\/td><\/tr><tr><td><strong>Freitag, 12. November<\/strong><br>19:00<br>Seidlvilla<\/td><td><strong>Zukunft der Arbeit<\/strong><br>Referent: Prof. Dr. Johano Strasser<br>Eintritt: 5.- Euro<br><a href=\"http:\/\/www.e-f-schumacher-gesellschaft.de\/forum09_04.pdf\" target=\"_blank\" rel=\"noreferrer noopener\">mehr<\/a><br><a href=\"http:\/\/www.e-f-schumacher-gesellschaft.de\/\" target=\"_blank\" rel=\"noreferrer noopener\">E.F. Schumacher Gesellschaft f\u00fcr politische \u00d6kologie <\/a>, Seidlvillaverein<\/td><\/tr><tr><td><strong>11. November bis 2.Dezember<\/strong><br>Filmtheater Maxim<\/td><td><strong>Festung Europa<\/strong><br>Filmreihe zum Thema Migration<br>Programm (PDF 130kB)<br><a rel=\"noreferrer noopener\" href=\"http:\/\/www.oeku-buero.de\/\" target=\"_blank\">\u00d6kumenisches B\u00fcro f\u00fcr Frieden und Gerechtigkeit e. V.<\/a><br>und <a rel=\"noreferrer noopener\" href=\"http:\/\/lola.d-a-s-h.org\/bfr\/bfr\/\" target=\"_blank\">Bayerischer Fl\u00fcchtlingsrat<\/a><br>mit Unterst\u00fctzung des Kulturreferats der LH M\u00fcnchen und InWEnt<\/td><\/tr><tr><td><strong>Donnerstag, 11. November<\/strong><br>19:00<br>Mathematischen Instituts der LMU<\/td><td><strong>Zu klein, um wahr zu sein?<\/strong><br>Erfuellt die Nanotechnologie ihre Erwartungen?<br>oeffentliches Forum zum Thema Nanotechnologie<br><a href=\"http:\/\/www.guht.de\/info\/nanotechnologie_forum23_oktober2004.pdf\" target=\"_blank\" rel=\"noreferrer noopener\">Einladung<\/a><br><a href=\"http:\/\/www.guht.de\/\" target=\"_blank\" rel=\"noreferrer noopener\">Gesellschaft und High Tech e. V.<\/a><\/td><\/tr><tr><td><strong>Donnerstag, 11. November<\/strong><br>19:00<br>Spanischen Kulturinstitut Cervantes<\/td><td><strong>Ein Stein zur Erinnerung<\/strong><br>Podiums- und Diskussionsveranstaltung<br>Seit Monaten bewegt viele B\u00fcrgerinnen und B\u00fcrger in unserer Stadt die Debatte um die Verlegung von Stolpersteinen als Zeichen der Erinnerung an Juden, Sozialdemokraten, Kommunisten, Sinti, Roma und Homosexuelle, die in der NS-Zeit aus ihren H\u00e4usern deportiert wurden. Nach seinem Beschluss vom Juni 2004, der die Verlegung untersagte, verweigert der Rat der Stadt jede weitere \u00f6ffentliche Diskussion.<br>Viele M\u00fcnchnerinnen und M\u00fcnchner wollen sich nicht damit abfinden, dass dies das letzte Wort ist. Sie fragen, wie den Opfern der Unmenschlichkeit gedacht werden soll. Wie kann man ihrem pers\u00f6nlichen Schicksal eine Adresse geben? Ist es angemessen, von Seiten der Stadt, Gegner und Bef\u00fcrworter der Stolpersteine gegeneinander auszuspielen? Was ist von der Behauptung zu halten, dass die demokratisch gew\u00e4hlten Organe der Stadt dar\u00fcber befinden, was &#8222;nichtkontroverse Formen des Gedenkens&#8220; sind? Diese Fragen und anderes mehr sollen an diesem Abend diskutiert werden.<br>Einladung (PDF 1,0MB)<br>STOLPERSTEINE &#8211; M\u00fcnchen<\/td><\/tr><tr><td><strong>Montag, 8. November<\/strong><br>19:30<br>EineWeltHaus<\/td><td><strong>Plenum Sozialforum M\u00fcnchen<\/strong><br>Zu dem Plenum sind alle eingeladen.<br>Einladung<br><a rel=\"noreferrer noopener\" href=\"\/Users\/User\/Desktop\/aktueller_Desktop\/sozialforum\/m-sf-Dateien%20f%C3%BCr%20Hans-Peter\/dokumente\/2004-10-16-protokoll-gruendung-m-sf.pdf\" target=\"_blank\">Protokoll vom 16.10.04 (Gr\u00fcndungsveranstaltung)<\/a><br>Sozialforum M\u00fcnchen<\/td><\/tr><tr><td><a><\/a> <em><strong><em>Samstag, 06. November<\/em><\/strong><br>Ab 12:00<br>N\u00fcrnberg<\/em><\/td><td><em><strong>Gro\u00dfdemonstration gegen Sozialraub, Agenda 2010 und Hartz IV in N\u00fcrnberg<\/strong><br><\/em><em> <a href=\"http:\/\/www.grossdemo-nuernberg.tk\/\" target=\"_blank\" rel=\"noreferrer noopener\">Bericht der Veranstalter<\/a><br><a href=\"http:\/\/www.jungewelt.de\/2004\/11-08\/001.php\" target=\"_blank\" rel=\"noreferrer noopener\">Bericht in &#8218;junge Welt&#8216;<\/a><br><a href=\"http:\/\/www.nd-online.de\/artikel.asp?AID=62493&amp;IDC=2\" target=\"_blank\" rel=\"noreferrer noopener\">Bericht in &#8217;nd-online&#8216;<\/a><br><a href=\"http:\/\/www.rf-news.de\/rfnews\/aktuell\/Politik\/article_html\/News_Item.2004-11-06.2842\" target=\"_blank\" rel=\"noreferrer noopener\">Bericht in &#8218;Rote Fahne&#8216; <\/a>&nbsp; &nbsp; &nbsp; <a href=\"http:\/\/www.rf-news.de\/rfnews\/aktuell\/Politik\/article_html\/News_Item.2004-11-06.1513\" target=\"_blank\" rel=\"noreferrer noopener\">Teil 2<\/a><\/em> <em>Veranstalter: Sozialforum N\u00fcrnberg u.a.m.<\/em><br>Bildergalerie: &nbsp; &nbsp; <strong>bitte auf ein Bild klicken!<\/strong><br><br><a href=\"javascript:openPopup('fotos\/2004-11-06--nuernberg\/bild-0.htm',720,640);\"><\/a> Wir wurden von der bayerischen Polizei von Anfang an intensiv betreut &#8230; <a href=\"javascript:openPopup('fotos\/2004-11-06--nuernberg\/bild-1.htm',720,640);\"><\/a> <a href=\"javascript:openPopup('fotos\/2004-11-06--nuernberg\/bild-2.htm',720,640);\"><\/a> <a href=\"javascript:openPopup('fotos\/2004-11-06--nuernberg\/bild-3.htm',720,640);\"><\/a> <a href=\"javascript:openPopup('fotos\/2004-11-06--nuernberg\/bild-4.htm',720,640);\"><\/a> <a href=\"javascript:openPopup('fotos\/2004-11-06--nuernberg\/bild-5.htm',720,640);\"><\/a> <a href=\"javascript:openPopup('fotos\/2004-11-06--nuernberg\/bild-6.htm',720,640);\"><\/a> Bilder von der Gro\u00dfdemonstration gegen Sozialraub, Agenda 2010 und Hartz IV in N\u00fcrnberg am 6.11.2004 <a href=\"javascript:openPopup('fotos\/2004-11-06--nuernberg\/bild-7.htm',720,640);\"><\/a> <a href=\"javascript:openPopup('fotos\/2004-11-06--nuernberg\/bild-8.htm',720,640);\"><\/a> <a href=\"javascript:openPopup('fotos\/2004-11-06--nuernberg\/bild-9.htm',720,640);\"><\/a> <a href=\"javascript:openPopup('fotos\/2004-11-06--nuernberg\/bild-10.htm',720,640);\"><\/a> <a href=\"javascript:openPopup('fotos\/2004-11-06--nuernberg\/bild-11.htm',720,640);\"><\/a> <a href=\"javascript:openPopup('fotos\/2004-11-06--nuernberg\/bild-12.htm',720,640);\"><\/a> <a href=\"javascript:openPopup('fotos\/2004-11-06--nuernberg\/bild-13.htm',720,640);\"><\/a> <a href=\"javascript:openPopup('fotos\/2004-11-06--nuernberg\/bild-14.htm',720,640);\"><\/a> <a href=\"javascript:openPopup('fotos\/2004-11-06--nuernberg\/bild-15.htm',720,640);\"><\/a> <a href=\"javascript:openPopup('fotos\/2004-11-06--nuernberg\/bild-16.htm',720,640);\"><\/a> <a href=\"javascript:openPopup('fotos\/2004-11-06--nuernberg\/bild-17.htm',720,640);\"><\/a> <a href=\"javascript:openPopup('fotos\/2004-11-06--nuernberg\/bild-18.htm',720,640);\"><\/a> <a href=\"javascript:openPopup('fotos\/2004-11-06--nuernberg\/bild-19.htm',720,640);\"><\/a> <a href=\"javascript:openPopup('fotos\/2004-11-06--nuernberg\/bild-20.htm',720,640);\"><\/a> <a href=\"javascript:openPopup('fotos\/2004-11-06--nuernberg\/bild-21.htm',720,640);\"><\/a> <a href=\"javascript:openPopup('fotos\/2004-11-06--nuernberg\/bild-22.htm',720,640);\"><\/a> <a href=\"javascript:openPopup('fotos\/2004-11-06--nuernberg\/bild-23.htm',720,640);\"><\/a> <a href=\"javascript:openPopup('fotos\/2004-11-06--nuernberg\/bild-24.htm',720,640);\"><\/a> <a href=\"javascript:openPopup('fotos\/2004-11-06--nuernberg\/bild-25.htm',720,640);\"><\/a> <a href=\"javascript:openPopup('fotos\/2004-11-06--nuernberg\/bild-26.htm',720,640);\"><\/a> Fotos: klaus<\/td><\/tr><tr><td><strong>1.-30. November<\/strong><br>EineWeltHaus, Foyer<\/td><td><strong>Gesichter Nepals<\/strong><br>Foto-Ausstellung (Fotograf: Dieter Scheibe)<br>Flyer (PDF, 160kB)<br><a rel=\"noreferrer noopener\" href=\"http:\/\/www.nordsuedforum.de\/\" target=\"_blank\">NordS\u00fcdForum M\u00fcnchen e.V.<\/a><\/td><\/tr><\/tbody><\/table><\/figure>\n\n\n\n<h3>Veranstaltungen Oktober 2004<\/h3>\n\n\n\n<figure class=\"wp-block-table is-style-regular\"><table><tbody><tr><td><\/td><td>&nbsp;<\/td><\/tr><tr><td><strong>Mittwoch, 20. Oktober<\/strong><br>18:00<br>St. Joachim, Gro\u00dfer Saal<\/td><td><strong>Forum der Solidarit\u00e4t<\/strong><br>Es referiert Prof. Dr. Baumgartner, Vorsitzender des Di\u00f6zesanrates der Erzdi\u00f6zese M\u00fcnchen-Freising und Prof. f\u00fcr christl. Sozialethik an der LMU zum Thema: &#8222;Wie arbeiten wir in Zukunft? Stimmt die Logik der Konzerne?&#8220; Er beleuchtet dabei die gesellschaftlichen und volkswirtschaftlichen Aspekte unserer Arbeitswelt von morgen. au\u00dferdem: Kurzinfos zur aktuellen Lage &#8211; Diskussion und Erfahrungsaustausch &#8211; Gespr\u00e4che am Bistrotisch Das &#8222;Forum der Solidarit\u00e4t&#8220; ist ein Zusammenschluss der katholischen und evangelischen Kirchengemeinden in Sendling und den kirchlichen Fachdiensten als Solidarit\u00e4t mit Siemens-Mitarbeitern in M\u00fcnchen Hofmannstr.<br><a href=\"javascript:openPopup('dokumente\/2004-10-20-forum-der-solidaritaet-flugblatt.html', 600,640);\">Flugblatt<\/a><br><a href=\"http:\/\/www.nci-net.de?Archiv\/Solidaritaet\/sendlinger-kirchen.html\" target=\"_blank\" rel=\"noreferrer noopener\">Forum der Solidarit\u00e4t<\/a><\/td><\/tr><tr><td><strong>Mittwoch, 20. Oktober<\/strong><br>19:00<br>EineWeltHaus, Gro\u00dfer Saal<\/td><td><strong>Menschenrechte, Frauenrechte, Landrechte<\/strong><br>Frauen aus Guatemala und Brasilien berichten.<br>mehr Infos <a rel=\"noreferrer noopener\" href=\"http:\/\/www.nordsuedforum.de\" target=\"_blank\">Nord S\u00fcd Forum<\/a>, <a rel=\"noreferrer noopener\" href=\"http:\/\/mitglied.lycos.de\/fian_muc\" target=\"_blank\">FIAN<\/a> , <a rel=\"noreferrer noopener\" href=\"http:\/\/www.oeku-buero.de\" target=\"_blank\">\u00d6kumenisches B\u00fcro<\/a><\/td><\/tr><tr><td><strong>Montag, 18. Oktober<\/strong><br>17:00<br>DGB-Haus, Gro\u00dfer Saal<\/td><td><strong>&#8222;Es ist genug f\u00fcr alle da&#8220; &#8211; Alternativen zur herrschenden Politik<br>&#8211; Konzept f\u00fcr eine solidarische Einfachsteuer &#8211;<\/strong><br>Attac und Verdi haben ein Konzept f\u00fcr eine solidarische Einfachsteuer entwickelt. Dieses Konzept soll vorgestellt und auf seine Tauglichkeit als realistische Alternative zum derzeit herrschenden Steuerchaos hin untersucht werden. Mit Michael Schlecht, ver.di, Leiter Abteilung Wirtschaftspolitik.<br>Pressemitteilung (m-sf)<br><a rel=\"noreferrer noopener\" href=\"http:\/\/www.attac.de\/presse\/presse_ausgabe.php?id=318\" target=\"_blank\">Pressemitteilung (attac)<\/a><br><a rel=\"noreferrer noopener\" href=\"http:\/\/www.attac-m.org\" target=\"_blank\">Attac<\/a>, <a rel=\"noreferrer noopener\" href=\"http:\/\/www.verdi.de\/bayern\/muenchen\" target=\"_blank\">Ver.di<\/a><\/td><\/tr><tr><td><strong>Sonntag, 17. Oktober<\/strong><br>10 bis 14 Uhr<br>Offenbarungskirche<\/td><td><strong>&#8222;Arbeitslos = Hoffnungslos?&#8220;<\/strong><br>Ein Tag f\u00fcr Arbeitslose und Interessierte in der Offenbarungskirche Was macht Arbeitslosigkeit mit den Betroffenen? Was kommt mit Hartz IV auf uns zu? Wo k\u00f6nnen Arbeitslose Unterst\u00fctzung bekommen? Ein Tag mit Gottesdienst, Infost\u00e4nden, Vortrag und Diskussionen.<br>Pressemitteilung<br><a rel=\"noreferrer noopener\" href=\"http:\/\/www.malz-muenchen.de\/\" target=\"_blank\">M\u00fcnchner Arbeitslosenzentrum MALZ<\/a><br><a rel=\"noreferrer noopener\" href=\"http:\/\/www.offenbarungskirche.de\/\" target=\"_blank\">Offenbarungskirche<\/a><br><a rel=\"noreferrer noopener\" href=\"http:\/\/www.kda-bay.de\/\" target=\"_blank\">KDA<\/a><br><\/td><\/tr><tr><td><strong>Sonntag, 17. Oktober<\/strong><br>12:00<br>KHG<\/td><td><strong>&#8222;Habe ich, was ich brauche? Brauche ich, was ich habe?&#8220;<\/strong><br>Veranstaltung, Begegnung, Marktplatz grenzenloser Ideen<br><a rel=\"noreferrer noopener\" href=\"http:\/\/www.atd-viertewelt.de\/PDF\/17.%20Oktober%202004.pdf\" target=\"_blank\">Einladung<\/a><br>Pressemitteilung<br><a rel=\"noreferrer noopener\" href=\"http:\/\/www.atd-viertewelt.de\" target=\"_blank\">ATD Vierte Welt\/Gruppe M\u00fcnchen<\/a> (ATD=Aide \u00e0 Toute D\u00e9tresse)<\/td><\/tr><tr><td><strong>Sonntag, 17. Oktober<\/strong><br>16:00<br>St. Bonifaz<\/td><td><strong>&#8222;Habe ich was ich brauche? Brauche ich, was ich habe?&#8220;<\/strong><br>\u00d6kumenische Gedenkfeier zu Ehren namenloser Opfer von Unwissenheit, Hunger und Gewalt<br><a rel=\"noreferrer noopener\" href=\"http:\/\/www.atd-viertewelt.de\/PDF\/17.%20Oktober%202004.pdf\" target=\"_blank\">Einladung<\/a><br>Pressemitteilung<br><a rel=\"noreferrer noopener\" href=\"http:\/\/www.atd-viertewelt.de\" target=\"_blank\">ATD Vierte Welt\/Gruppe M\u00fcnchen<\/a> (ATD=Aide \u00e0 Toute D\u00e9tresse)<\/td><\/tr><tr><td><strong>Samstag, 16. Oktober<\/strong><br>16:00<br>EineWeltHaus<\/td><td><strong>Gr\u00fcndung Sozialforum M\u00fcnchen<\/strong><br>Grundsatzpapier &#8211; Entwurf<br>Flugblatt<br>Ablauf<br>Pressemitteilung<br>Initiative Sozialforum M\u00fcnchen und alle beteiligten Gruppen<\/td><\/tr><tr><td><strong>Samstag, 16. Oktober<\/strong><br>18:00 bis 21:30<br>Festhalle Cincinnatistra\u00dfe 62<\/td><td><strong>&#8222;Grenzen \u00fcberwinden&#8220;<\/strong><br>Benefizkonzert des BGS-Orchesters M\u00fcnchen, mitwirkende Gruppen: Freudentanz und Dingos<br><a rel=\"noreferrer noopener\" href=\"http:\/\/www.atd-viertewelt.de\/PDF\/Plakat_BGS_blau.pdf\" target=\"_blank\">Einladung<\/a><br>Pressemitteilung<br><a rel=\"noreferrer noopener\" href=\"http:\/\/www.atd-viertewelt.de\" target=\"_blank\">ATD Vierte Welt\/Gruppe M\u00fcnchen<\/a> (ATD=Aide \u00e0 Toute D\u00e9tresse)<\/td><\/tr><tr><td><strong>3. Europ\u00e4isches Sozialforum:<\/strong> <strong>Freitag\/Sonntag, 15. bis 17. Oktober<\/strong><br>London <strong>In London findet das 3. Europ\u00e4ische Sozialforum statt.<\/strong><br>Infos zu Programm, Anmeldung, Unterbringung und Mitfahrzentrale: <a rel=\"noreferrer noopener\" href=\"http:\/\/www.fse-esf.org\/de\" target=\"_blank\">hier<\/a><br><br><a rel=\"noreferrer noopener\" href=\"\/Users\/User\/Desktop\/aktueller_Desktop\/sozialforum\/m-sf-Dateien%20f%C3%BCr%20Hans-Peter\/dokumente\/2004-10-15-ESF-auf-nach-london.pdf\" target=\"_blank\">Flugblatt<\/a><br><br>Vorschlag f\u00fcr den Aufruf der Versammlung der Sozialen Bewegungen beim ESF in London<br><br><a rel=\"noreferrer noopener\" href=\"http:\/\/www.jungewelt.de\/2004\/10-09\/020.php\" target=\"_blank\">Interview: &#8222;ESF ohne Bewegung gegen Krieg undenkbar&#8220;<\/a><br> <strong>Auf dem 3. Europ\u00e4isches Sozialforum in London beschlossenen Aktionstermine:<\/strong> <a rel=\"noreferrer noopener\" href=\"http:\/\/www.uni-kassel.de\/fb10\/frieden\/themen\/Europa\/esf-london.html\" target=\"_blank\">Der Aufruf der Versammlung sozialer Bewegungen<\/a> vom 9. bis 16. November 2004 <strong>internationale Aktionswoche gegen die Apartheidmauer.<\/strong><br>Entsprechend dem Urteil des Internationalen Gerichtshofes der Vereinten Nationen und dem einstimmigen Votum der europ\u00e4ischen Staaten in der UN-Vollversammlung fordern wir ein Ende der israelischen Besatzung und die Beseitigung der Apartheidmauer. 25. November 2004 <strong>Aktionstag gegen Gewalt gegen Frauen<\/strong><br>Wir wollen ein anderes Europa, das Sexismus und Gewalt gegen Frauen ablehnt und das Recht auf Abtreibung anerkennt. 10. und 11. Dezember 2004 <strong>europ\u00e4ische Aktionstage am Jahrestag der Verabschiedung der UN-Menschenrechtserkl\u00e4rung.<\/strong><br>Januar 2005<br>Barcelona <strong>Mobilisierung gegen den EU-Gipfel zur Europ\u00e4ischen Verfassung<\/strong><br>gegen Krieg, Deregulierung und Rassismus, f\u00fcr den Truppenabzug aus dem Irak und f\u00fcr ein anderes Europa Februar 2005 <strong>Protestaktionen gegen den NATO-Gipfel in Nizza<\/strong><br>8. M\u00e4rz 2005 <strong>Internationaler Frauentag<\/strong><br>19. M\u00e4rz<br>Br\u00fcssel <strong>zentrale Demonstration<\/strong><br>gegen Krieg und Rassismus und gegen ein neoliberales Europa, gegen Privatisierung, gegen das Bolkestein-Projekt und gegen die Angriffe auf die Arbeitszeit, f\u00fcr ein Europa der Rechte und der Solidarit\u00e4t zwischen den V\u00f6lkern 2. April 2005 <strong>Aktionstag<\/strong><br>gegen Rassismus, f\u00fcr Bewegungsfreiheit und f\u00fcr das Bleiberecht als Alternative zu einem Europa der Exklusion und der Ausbeutung. 27.\/28. Mai 2005<br>in Marseille <strong>Europ\u00e4ische Initiative zum weltweiter Marsch f\u00fcr die Frauen<\/strong><br>im Juli 2005 <strong>Mobilisierung anl\u00e4sslich des G-8-Gipfels in Schottland<\/strong><br>Wir wenden uns gegen die von den G-8-Staaten angema\u00dfte \u00dcbernahme globaler Regierungsfunktionen und einer Politik des Neoliberalismus. in 2005 <strong>internationale Aktionen gegen den Klimawandel<\/strong><br>Kampagnen gegen gentechnisch ver\u00e4nderte Organismen, f\u00fcr sichere Landwirtschaft, Nahrung und Umwelt. <strong>Donnerstag, 14. Oktober<\/strong><br>17:30 bis 19:30<br>KDA <strong>Zeitarbeit und prek\u00e4re Besch\u00e4ftigung<\/strong><br>Diskussionsveranstaltung<br>Einladung<br>Pressemitteilung<br><a rel=\"noreferrer noopener\" href=\"http:\/\/www.kda-bay.de\" target=\"_blank\">Kirchlicher Dienst in der Arbeitswelt KDA<\/a> <strong>Donnerstag, 14. Oktober<\/strong><br>19:30<br>&#8222;Merhaba&#8220; <strong>&#8222;Andere Medien sind m\u00f6glich!&#8220;<\/strong><br>Die Tageszeitung &#8222;junge Welt&#8220; in neuem Format und das M\u00fcnchner Portal &#8222;Hinter-den Schlagzeilen&#8220; (Annik und Konstantin Wecker) stellen sich vor <strong>Arundhati Roy<\/strong>, die bekannte indische Schriftstellerin, hat in ihrer <a rel=\"noreferrer noopener\" href=\"http:\/\/www.lebenshaus-alb.de\/mt\/archives\/002507.html\" target=\"_blank\">Rede am 16.8.04<\/a> in San Francisco kritisiert, wie Massenmedien von einer Inflation von Krisen, auf Kosten von Menschen in Not leben: &#8222;Staaten haben gelernt, da\u00df von Krisen angetriebene Medien es sich nicht leisten k\u00f6nnen zu lange beim selben Thema zu bleiben. Wie Wirtschaftsbetriebe einen Umsatz von Geld brauchen, brauchen die Medien einen Umsatz von Krisen&#8230;.W\u00e4hrend Regierungen die Kunst, eine Krise durchzuwarten, perfektionieren, werden die Widerstandbewegungen im Wirbel des Krisenproduktion vermehrt dazu verf\u00fchrt, Wege zu finden, Krisen in einem einfachen, verdaubaren und zuschauerfreundlichen Format herzustellen. Von jeder Bewegung, die ernstgenommen werden will, von jedem Thema wird erwartet, da\u00df es seinen eigenen Hei\u00dfluftballon starten l\u00e4\u00dft, um sein Markenzeichen und seinen Zweck zu bewerben&#8230;. Wenn wir Raum f\u00fcr zivilen Widerstand zur\u00fcckgewinnen wollen, werden wir uns selbst von der Tyrannei der Krisenberichterstattung befreien m\u00fcssen&#8230;. Die Konzernglobalisierung hat die Distanz zwischen den Entscheidungstr\u00e4gern und jenen, die die Konsequenz ihrer Entscheidungen zu tragen haben, vergr\u00f6\u00dfert. Foren wie das Weltsozialforum erm\u00f6glichen es \u00f6rtlichen Widerstandbewegungen, dieses Distanz zu reduzieren und sich mit den Bewegungen aus den reichen L\u00e4ndern zu verbinden.&#8220; Die <strong>&#8222;junge Welt&#8220;<\/strong> leistet sich einen l\u00e4ngeren Atem f\u00fcr Themen und Inhalte, sie lebt von LeserInnen, die nicht nach rei\u00dferisc<\/td><\/tr><\/tbody><\/table><\/figure>\n\n\n\n<h3>Veranstaltungen September 2004<\/h3>\n\n\n\n<figure class=\"wp-block-table is-style-regular\"><table class=\"has-fixed-layout\"><tbody><tr><td><strong>Mittwoch, 29. September<\/strong><br>19:30<br>EineWeltHaus<\/td><td><strong>Das Kapital und seine Krisen<\/strong><br>Akkumulation, Konkurrenz, Krise &#8211; Grundkategorien von Marx&#8216; Kritik der politischen \u00d6konomie<br>Vortrag und Diskussion mit Michael Heinrich<br><a rel=\"noreferrer noopener\" href=\"http:\/\/www.gegenentwurf-muenchen.de\/demnaechst.htm\" target=\"_blank\">mehr &#8230;<\/a><br>Pressemitteilung <a rel=\"noreferrer noopener\" href=\"http:\/\/www.gegenentwurf-muenchen.de\/\" target=\"_blank\">Gegenentwurf e.V.<\/a><\/td><\/tr><tr><td><strong>Mittwoch, 29. September<\/strong><br>9:30 bis 17:00<br>Hochschule f\u00fcr Philosophie<\/td><td><strong>Studientag zur Abschiebehaft<\/strong><br>Ein breites Aktionsb\u00fcndnis l\u00e4dt zu dem Studientag mit Referaten und Arbeitsgruppen ein.<br>Anmeldung bis 15.09.04 beim M\u00fcnchner Fl\u00fcchtlingsrat, Goethestra\u00dfe 53, 80336 M\u00fcnchen<br>oder <a href=\"mailto:martina.ortner@aida-archiv.de\">martina.ortner@aida-archiv.de<\/a><br>Einladung<br>Pressemitteilung Bayerisches Aktionsb\u00fcndnis gegen Abschiebehaft<\/td><\/tr><tr><td><em><strong><em>Samstag, 25. September<\/em><\/strong><br>12:00 bis 21:00<br>Odeonsplatz und Ludwigstra\u00dfe<\/em><\/td><td><em><strong>ANDER ART 2004 &#8211; Fest der Kulturen<\/strong><br>mehr<a rel=\"noreferrer noopener\" href=\"http:\/\/www.muenchen.de\/Rathaus\/kult\/ansprech\/interkult\/anderart\/100599\/\" target=\"_blank\">..<\/a><\/em> <em>LH M\u00fcnchen und Ausl\u00e4nderbeirat M\u00fcnchen<\/em><\/td><\/tr><tr><td><strong>Fr.24.\/Sa.25.9.<\/strong><br>TAGWERK-Zentrum Dorfen<\/td><td><strong>Fachtagung: &#8222;Mythos Autobahn&#8220;<\/strong><br>Bringen immer perfektere Stra\u00dfen noch einen Nutzen f\u00fcr regionales Wirtschaften?<br><a href=\"http:\/\/www.tagwerk.net\/aktuelles\/Programmflyer.pdf\" target=\"_blank\" rel=\"noreferrer noopener\">Programm-Flyer<\/a> <a href=\"http:\/\/www.tagwerk.net\/\" target=\"_blank\" rel=\"noreferrer noopener\">Tagwerk &#8211; regional und \u00f6kologisch<\/a><\/td><\/tr><tr><td><a><\/a> <em><strong><em>Freitag, 24. September<\/em><\/strong><br>15:00 bis 22:00<br>Rathaus M\u00fcnchen<\/em><\/td><td><em><strong>Langer Nachmittag der Freiwilligen<\/strong><br>Es stellen sich zahlreiche Projekte und Initiativen vor, die einen \u00dcberblick \u00fcber die bunte Vielfalt B\u00fcrgerschaftlichen Engagements und die M\u00f6glichkeiten zum Mitmachen geben werden.<br>Flyer<\/em> <em>LH M\u00fcnchen und F\u00f6BE &#8212; Verbund zur F\u00f6rderung von B\u00fcrgerschaftlichem Engagement<\/em><br>Bildergalerie: \u00a0 \u00a0 <strong>bitte auf ein Bild klicken!<\/strong><br><br><a href=\"javascript:openPopup('fotos\/2004-09-24-langer-nachmittag\/bild-1.htm',720,640);\"><\/a> <a href=\"javascript:openPopup('fotos\/2004-09-24-langer-nachmittag\/bild-2.htm',720,640);\"><\/a> <a href=\"javascript:openPopup('fotos\/2004-09-24-langer-nachmittag\/bild-3.htm',720,640);\"><\/a> <a href=\"javascript:openPopup('fotos\/2004-09-24-langer-nachmittag\/bild-4.htm',720,640);\"><\/a> <a href=\"javascript:openPopup('fotos\/2004-09-24-langer-nachmittag\/bild-5.htm',720,640);\"><\/a> <a href=\"javascript:openPopup('fotos\/2004-09-24-langer-nachmittag\/bild-6.htm',720,640);\"><\/a> <a href=\"javascript:openPopup('fotos\/2004-09-24-langer-nachmittag\/bild-7.htm',720,640);\"><\/a> <a href=\"javascript:openPopup('fotos\/2004-09-24-langer-nachmittag\/bild-8.htm',720,640);\"><\/a><\/td><\/tr><tr><td><strong>Donnerstag, 23. September<\/strong><br>19:30<br>EineWeltHaus<\/td><td><strong>25 Jahre Alternativer Nobelpreis<\/strong><br>Wege und Visionen f\u00fcr eine bessere Zukunft<br>Geseko von L\u00fcpke, Autor des Buches &#8222;Die Alternative. Wege und Weltbild des Alternativen Nobelpreises.&#8220;stellt die am Montag bekanntgegebenen Preistr\u00e4gerinnen und Preistr\u00e4ger des Jahres 2004 vor.<br>mehr&#8230;<br><br>Pressemitteilung <a rel=\"noreferrer noopener\" href=\"http:\/\/emanzipationhumanum.de\" target=\"_blank\">Initiative Emanzipation ad Humanum<\/a><\/td><\/tr><tr><td><strong>Mittwoch, 22. September<\/strong><br>19:30<br>Seidlvilla<\/td><td><strong>&#8222;Eine Welt des Friedens und der Freiheit: Zukunftsvorstellungen des Widerstandes gegen das Nazisystem&#8220;<\/strong><br>Vortrag und Diskussion mit Friedbert M\u00fchldorfer, Landessprecher der VVN\/BdA<br>Martin L\u00f6wenberg, Zeitzeuge Nach den Wahlerfolgen der rechten Parteien am 19.September in Sachsen und Brandenburg lohnt sich ein Blick zur\u00fcck! Vielleicht ist es gerade heute, angesichts von Nazigruppen, die manchmal recht erfolgreich die \u00c4ngste der Menschen zu nutzen verstehen, wichtig, sich wieder vertraut zu machen mit den Hoffnungen auf eine gerechte neue Welt, die die Frauen und M\u00e4nner des antifaschistischen Widerstands entwickelt und zum Teil auch in die bayerische Verfassung und ins Grundgesetz eingebracht haben.<br>Flugblatt<br>Pressemitteilung <a rel=\"noreferrer noopener\" href=\"http:\/\/www.vvn-muenchen.de\" target=\"_blank\">Vereinigung der Verfolgten des Naziregimes \/ Bund der Antifaschisten VVN\/BdA<\/a><\/td><\/tr><tr><td><strong>Mittwoch, 22. September<\/strong><br>19:30<br>EineWeltHaus, Gro\u00dfer Saal<\/td><td><strong>&#8222;Es ist genug f\u00fcr alle da&#8220; &#8211; Alternativen zur herrschenden Politik<br>&#8211; Existenzgeld f\u00fcr Alle &#8211; Realistische Alternative oder sozialromantische Spinnerei? &#8211;<\/strong><br>Die Idee eines Existenzgeldes f\u00fcr alle diejenigen, die es ben\u00f6tigen oder wollen, ist nicht neu. Bereits zu Beginn der 90er-Jahre findet sie sich, damals unter dem Begriff &#8222;Grundsicherung&#8220;, z.B. in den Parteiprogrammen von B\u00fcndnis 90\/Die Gr\u00fcnen. Angesichts zunehmender Prekarit\u00e4t f\u00fcr Millionen von Menschen in der BRD entflammt die Diskussion \u00fcber eine solche existenz- und damit W\u00fcrde sichernde Forderung derzeit neu. Wie weit ist eine solche Forderung realistisch, wie l\u00e4sst sich Existenzgeld finanzieren? Welche Konzepte werden derzeit diskutiert, wo liegen die Unterschiede und Gemeinsamkeiten? Und: wie l\u00e4sst sich eine breite Akzeptanz f\u00fcr das Existenzgeld organisieren, ohne einer Debatte um ein &#8222;Sozialschmarotzertum&#8220; Vorschub zu leisten?<br><br>Pressemitteilung <a rel=\"noreferrer noopener\" href=\"http:\/\/www.attac-m.org\" target=\"_blank\">Attac M\u00fcnchen<\/a><\/td><\/tr><tr><td><strong>Mittwoch, 22. September<\/strong><br>20:00<br>Lindenkeller, Freising<\/td><td><strong>&#8222;Der Globalisierung zum Trotz&#8220;<\/strong><br>ein regionales Wirtschaftsmodell feiert Jubil\u00e4um<br>Auftakt zur Festwoche 20 Jahre TAGWERK<br>Vorst\u00e4nde des Bund Naturschutz und des Anbauverbandes Bioland und ein Tagwerkbauer referieren, der Landrat und der Bundesumweltminister sprechen Gru\u00dfworte zum 20. Geburtstag von TAGWERK. <a rel=\"noreferrer noopener\" href=\"http:\/\/www.tagwerk.net\/aktuelles\/Programmflyer.pdf\" target=\"_blank\">Programm-Flyer mit weiteren Veranstaltungshinweisen<\/a><br><br>Pressemitteilung <a rel=\"noreferrer noopener\" href=\"http:\/\/www.tagwerk.net\/\" target=\"_blank\">Tagwerk &#8211; regional und \u00f6kologisch<\/a><\/td><\/tr><tr><td><strong>Er\u00f6ffnung:<br>Mittwoch, 22.\u00a0September<\/strong><br>19:00<br>Kunstverein M\u00fcnchen<br>Frequenz: UKW 97,8 MHz<br><br>Dauer:<br>22.9.\u00a0bis\u00a016.11.2004<\/td><td><strong>Kreuzungsfrei und ungest\u00f6rt &#8211; mobile Anwendung<br>&#8211; Untergrundradio im M\u00fcnchener Altstadtringtunnel &#8211;<\/strong><br>Am Tag der Er\u00f6ffnung besteht ein Linienbustransit durch den Altstadtringtunnel, zu jeder vollen Stunde ab 17:00 Uhr.<br>Haltestelle: Kunstverein M\u00fcnchen. transit~wellen besch\u00e4ftigt sich mit der Verst\u00e4ndigung im und \u00fcber den \u00f6ffentlichen Raum und seiner Grenzen. Sie werden bestimmt durch symbolische Aufladung, die sich in der physischen wie elektronischen Sph\u00e4re spiegelt. transit~wellen ist das erste Vorhaben in Deutschland, das die legalen M\u00f6glichkeiten von Micro-FM auslotet und diese Form des Aktivismus einer breiteren \u00d6ffentlichkeit vorstellt. Ab 22. September bis Mitte November 2004 wird im M\u00fcnchener Altstadtringtunnel ein kleiner UKW-Sender angebracht. Autofahrer, die die Stadt im Untergrund passieren, k\u00f6nnen in ihren Radioger\u00e4ten zeitweise v\u00f6llig andere Informationen &#8211; transit~wellen &#8211; empfangen. Ein Programm rund um undokumentierte Mobilit\u00e4t und Passage ersetzt das \u00fcbliche Tunnelrauschen. Der Altstadtringtunnel ist ein Nichtort im Untergrund zwischen dem Haus der Kunst und dem Areal der M\u00fcnchner Pinakotheken. Er untertunnelt das Ensemble bestehend aus dem Konsulat der Vereinigten Staaten, der bayerischen Staatskanzlei und der Ludwigsstrasse. Der Tunnel markiert in der Geschichte der M\u00fcnchner Stadtplanung einen Wendepunkt in der \u00f6ffentlichen Diskussion des urbanen Raums. Weitere Informationen unter <a rel=\"noreferrer noopener\" href=\"http:\/\/www.transitwellen.net\" target=\"_blank\">www.transitwellen.net<\/a> transit~wellen ist ein Projekt von <a rel=\"noreferrer noopener\" href=\"http:\/\/www.schleuser.net\" target=\"_blank\">schleuser.net<\/a> im Rahmen der <a rel=\"noreferrer noopener\" href=\"http:\/\/www.ortstermine-muenchen.de\/seiten\/projekte_2004\/transit_wellen.html\" target=\"_blank\">Ortstermine 2004<\/a> &#8211; Kunst im \u00f6ffentlichen Raum des Kulturreferats der Landeshauptstadt M\u00fcnchen.<br><br>Pressemitteilung <a rel=\"noreferrer noopener\" href=\"http:\/\/www.schleuser.net\" target=\"_blank\">schleuser.net<\/a><\/td><\/tr><tr><td><a><\/a> <strong>Dienstag, 21. September<\/strong><br>19:00<br>Seidlvilla<\/td><td><strong>&#8222;Immer da sein, wo&#8217;s weh tut!<br>Soziale Isolation bei Kindern und Jugendlichen&#8220;<\/strong><br>Die Lehrerin Susanne Korbmacher berichtet \u00fcber ihr kreatives multikulturelles Projekt &#8222;Ghettokids&#8220; im Hasenbergl.<br>mehr&#8230;<br><br>Pressemitteilung <a rel=\"noreferrer noopener\" href=\"http:\/\/humanistische-union.de\/suedbayern\/\" target=\"_blank\">Humanistische Union<\/a><\/td><\/tr><tr><td><a><\/a> <strong>Montag, 20. September<\/strong><br>20:00<br>Theater im Fraunhofer, Fraunhoferstr. 9<\/td><td><strong>&#8222;Leben au\u00dfer Kontrolle. Von Genfood und Designerbabies&#8220;<\/strong><br>Vorf\u00fchrung des Filmes von Bertram Verhaag und Gabriele Kr\u00f6ber und Gespr\u00e4ch mit dem Autor.<br><br>Eine Weltreise, um die fortschreitende Genmanipulation bei Pflanzen, Tieren und Menschen zu erkunden: Indische Bauern stehen vor dem Ruin, verkaufen eine Niere oder begehen Selbstmord. In Kanada macht genmanipulierter Rapssamen vom Nachbarfeld \u00f6kologischen Anbau unm\u00f6glich. Das isl\u00e4ndische Parlament verkauft das gesamte Genpotential seiner Bev\u00f6lkerung an die Pharmaindustrie. \u00c4hnlich das &#8222;Vampirprojekt&#8220;, bei dem 700 sogenannten aussterbenden V\u00f6lkern Blut-, Haar-, und Speichelproben entnommen werden.<br>Weltweit bieten nur eine Handvoll idealistischer Wissenschaftler der Industrie die Stirn und untersuchen &#8211; unabh\u00e4ngig von deren Geld &#8211; die Auswirkungen transgener Tiere und Pflanzen auf die Umwelt und auf unsere Gesundheit, wenn wir diese genmanipulierten Lebensmittel zu uns nehmen.<br><a rel=\"noreferrer noopener\" href=\"http:\/\/www.denkmalfilm.de\/abstracts\/Lakdt.html\" target=\"_blank\">mehr Infos zum Film<\/a><br>Pressemitteilung <a rel=\"noreferrer noopener\" href=\"http:\/\/club-voltaire-muc.de\/\" target=\"_blank\">Club Voltaire<\/a><\/td><\/tr><tr><td><em><strong><em>Sa\/So, 18.\/19. September<\/em><\/strong><br>Frankfurt<\/em><\/td><td><em><strong>Aktionskonferenz gegen Sozialkahlschlag<\/strong><br>Bundesweite Konferenz in Frankfurt<\/em><\/td><\/tr><tr><td><strong>Sa, 18. September<\/strong><br>9:30-16:00<br>Exerzitienhaus der Erzabtei St.Ottilien bei Geltendorf<\/td><td><strong>Heilsame Alternativen<br>Wirtschaft im Dienst des Lebens<\/strong><br>Globale und regionale Alternativen zur weltweiten Wirtschaftschaftskrise.<br>Referent: Prof. Dr. Berger<br>Einladung \u00d6kumenisches Netz Bayern in Koorperation mit Nord-S\u00fcd-Forum FFB<\/td><\/tr><tr><td><a><\/a> <strong>Mittwoch, 15. September<\/strong><br>19:30<br>EineWeltHaus, Gro\u00dfer Saal<\/td><td><strong>&#8222;Auroville &#8211; eine Vision in Arbeit&#8220;<\/strong><br>Vor 35 Jahren entstand in S\u00fcdindien das kosmopolitische Siedlungsprojekt Auroville. Aus der geplanten Zukunftsstadt f\u00fcr 50.000 Menschen &#8211; gem\u00e4\u00df dem integralen Yoga von Sri Aurobindo und der Mutter, wurde zwar nichts, aber es entstand eine bescheidenere Siedlung mit heute 2.000 Menschen, mit \u00f6kologischer, architektonischer und sozialer Experimentierkraft, eigener \u00d6konomie, interessanter politischer Binnenstruktur und einer postkapitalistischen Variante im &#8222;Yoga der Arbeit&#8220;!! Renate B\u00f6rger stellt mit Dias und zahlreichen Dokumenten das Projekt vor.<br>mehr.. Pressemitteilung <a rel=\"noreferrer noopener\" href=\"http:\/\/www.e-f-schumacher-gesellschaft.de\/\" target=\"_blank\">E.F.Schumacher-Gesellschaft<\/a><\/td><\/tr><tr><td><a><\/a> <strong>Dienstag, 14. September<\/strong><br>19:00<br>KDA<\/td><td><strong>Das Siemens-Mitarbeiter-Netzwerk NCI<\/strong><br>Als Reaktion auf die geplanten Massenentlassungen bei Siemens Hofmannstra\u00dfe hat sich ein Mitarbeiter-Netzwerk <a href=\"http:\/\/www.nci-net.de\/\" target=\"_blank\" rel=\"noreferrer noopener\">NCI<\/a> (network for cooperation &amp; initiative) gebildet. Das Netzwerk dient der gegenseitigen Unterst\u00fctzung, Beratung, Information und Aktionen und ist mit etwa 900 Mitgliedern bundesweit eine nahezu einmalige Form der Mitarbeiterorganisation gegen Personalabbau. Der KDA bietet seit Beginn dem Netzwerk einen Zufluchts- und Unterst\u00fctzungsort. Gemeinsam mit Gemeinden, kirchlichen Fachdiensten, Betriebsr\u00e4ten und dem NCI werden regelm\u00e4\u00dfig Foren der Solidarit\u00e4t veranstaltet. An diesem Abend erz\u00e4hlten Menschen des Netzwerkes \u00fcber Erfahrungen, Hoffnung und Erfolge. <a href=\"http:\/\/www.nci-net.de\/\" target=\"_blank\" rel=\"noreferrer noopener\">mehr Informationen \u00fcber NCI<\/a> <a href=\"http:\/\/www.afa-muenchen.de\/\" target=\"_blank\" rel=\"noreferrer noopener\">Aktionsgemeinschaft f\u00fcr Arbeitnehmerfragen in der Evang.-Luth. Kirche in Bayern \/ afa M\u00fcnchen<\/a><br>Bildergalerie: &nbsp; &nbsp; <strong>bitte auf ein Bild klicken!<\/strong><br><br><a href=\"javascript:openPopup('fotos\/2004-09-14--afa-nci-vortrag\/bild-2.htm',720,640);\"><\/a> <a href=\"javascript:openPopup('fotos\/2004-09-14--afa-nci-vortrag\/bild-3.htm',720,640);\"><\/a> <a href=\"javascript:openPopup('fotos\/2004-09-14--afa-nci-vortrag\/bild-4.htm',720,640);\"><\/a> <a href=\"javascript:openPopup('fotos\/2004-09-14--afa-nci-vortrag\/bild-1.htm',720,640);\"><\/a><\/td><\/tr><tr><td><strong>Montag, 13. September<\/strong><br>19:00<br>EineWeltHaus<\/td><td><strong>Plenum Initiative Sozialforum M\u00fcnchen<\/strong><br>Zu dem Plenum sind alle Initiativen eingeladen, die die Gr\u00fcndung der Sozialforums M\u00fcnchen mit vorbereiten wollen. Einladung<br>Grundsatzpapier &#8211; Entwurf Initiative Sozialforum M\u00fcnchen<\/td><\/tr><tr><td><strong>Mittwoch, 8. September<\/strong><br>19:30<br>EineWeltHaus, Raum 211<\/td><td><strong>&#8222;Es ist genug f\u00fcr alle da&#8220; &#8211; Alternativen zur herrschenden Politik<br>&#8211; Hartz IV: Reform oder Verelendung des Sozialstaates? &#8211;<\/strong><br>Hartz IV besch\u00e4ftigt die gesamte Republik seit Wochen und angesichts des wachsenden Protests, der st\u00e4ndig zunehmenden Montagsdemonstrationen und des sich zusehends organisierenden Widerstands ist mit einem hei\u00dfen Herbst zu rechnen.<br>Grund genug, dass wir uns schlau machen!<br>Was konkret sind die Inhalte von Hartz IV? Welche Auswirkungen haben die Gesetze auf wen? Welche Ver\u00e4nderungen bringt Hartz IV f\u00fcr welche Menschen? Und welche Ver\u00e4nderungen in unserer Gesellschaft?<br>Mit diesen Fragen wird sich der Vortrag besch\u00e4ftigen &#8211; und nat\u00fcrlich mit der Frage, was jede\/r Einzelne von uns und wir gemeinsam unternehmen k\u00f6nnen, um Hartz IV zu verhindern.<br>Referent: Kurt Haymann Pressemitteilung <a rel=\"noreferrer noopener\" href=\"http:\/\/www.attac-m.org\" target=\"_blank\">Attac M\u00fcnchen<\/a><br><\/td><\/tr><tr><td><strong>Dienstag, 7. September<\/strong><br>19:30<br>EineWeltHaus<\/td><td><strong>Schluss mit der Besatzung &#8211; jetzt<\/strong><br>Raid Naim zeigt, was wenige Wochen Besatzung anrichten am Beispiel eines Ortes in Gaza, der seit Jahren wieder und wieder von der israelischen Armee heimgesucht wird.<br>mehr&#8230;<br>Pressemitteilung<br>Veranstaltungsbericht und Demo-Aufruf Friedensaktion Pal\u00e4stina im Interkulturellen Forum e.V.<\/td><\/tr><tr><td><a><\/a> <strong>Sonntag, 5.September<\/strong><br>ab 11:00<br>Ludwigstra\u00dfe zwischen Galeriestra\u00dfe und Von-der-Tann-Stra\u00dfe<\/td><td><strong>SOZIALFORUM M\u00dcNCHEN auf dem Streetlife Festival<\/strong><br>B\u00fcrgerinitiativen und Selbsthilfegruppen, Alternativmedien und Aktionsgruppen gegen Sozialabbau stellen sich zum Auftakt des ersten Sozialforums M\u00fcnchen mit Infost\u00e4nden und einem B\u00fchnenprogramm (Musik und Kabarett) vor und laden zum Mitmachen ein. B\u00fchnen Programm:<br>11.15 Kulturwerkstatt<br>12.15 Das Kombinat (Sozialrap)<br>13.15 Freudentanz (Tanzprojekt)<br>14.00 Das Kombinat (Sozialrap)<br>15.00 Treibholz (Trommelprojekt)<br>16.00 Via Jante (Samba)<br>16.45 Karl Heinz Wassermann (Singer\/Songwriter)<br>17.30 Zwei Mann\/ Frau Sketch<br>18.00 Talkrunde: Was tun gegen Sozialabbau?<br>19.00 Tomintoul (Akustik Rock) weitere Informationen unter <a rel=\"noreferrer noopener\" href=\"http:\/\/www.streetlife-festival.de\/september.html#80\" target=\"_blank\">www.streetlife-festival.de\/september.html#80<\/a> GreenCity, LH M\u00fcnchen u.a.<br>Bildergalerie vom Streetlife-Festival 5.9.2004: \u00a0 \u00a0 <strong>bitte auf ein Bild klicken!<\/strong><\/td><\/tr><\/tbody><\/table><\/figure>\n\n\n\n<h3>Veranstaltungen  Fr\u00fchjahr 2004 <\/h3>\n\n\n\n<figure class=\"wp-block-table is-style-regular\"><table class=\"has-fixed-layout\"><tbody><tr><td><strong>Donnerstag, 26. Februar<\/strong><br>19.00 Uhr<br>EineWeltHaus \u00a0<\/td><td><strong>3. Aktionskonferenz gegen Sozialabbau<\/strong><br>Im Rahmen des Sozialforums M\u00fcnchen &nbsp;<\/td><\/tr><tr><td><strong>Samstag, 06. M\u00e4rz<\/strong><br>11:00 &#8211; 14:00 Uhr<br>Marienplatz &nbsp;<\/td><td><strong>Kundgebung zum Internationalen Frauentag<\/strong><br>der M\u00fcnchner Initiative gegen Sozialkahlschlag Informationen:<br>Brief der Initiative gegen Sozialkahlschlag<br>Flugblatt<\/td><\/tr><tr><td><strong>Montag, 08. M\u00e4rz<\/strong><br>DGB-Haus<br><\/td><td><strong>Internationalen Frauentag des DGB M\u00fcnchen<\/strong><br>17:00 Markt der M\u00f6glichkeiten<br>18:30 Vortrag und Diskussion: Keine Chancen &#8211; kein Geld kein Sozialstaat was nun?<br>20:00 Kultur danach Ausklang &nbsp;<\/td><\/tr><tr><td><strong>Mittwoch, 10. M\u00e4rz<\/strong><br>19:00 Uhr<br>EineWeltHaus \u00a0<\/td><td><strong>Sozialforum M\u00fcnchen \u201eDas Weltsozialforum vom Mumbai 2004\u201c<br><\/strong>Veranstaltung u.a. mit Schorsch Wiesmaier (GEW Bayern) Infoblatt<\/td><\/tr><tr><td><strong>Dienstag, 16. M\u00e4rz<\/strong><br>13:00 Uhr<br>M\u00fcnchen &nbsp;<\/td><td><strong>Aktionstag des GEW Bayern gegen Sparpolitik in Bayern<\/strong><br>13:00 (geplant): Polit- und Kulturprogramm auf der Praterinsel<br>ca 15:30 Demo zum Marienplatz<br>16:30 zentrale Kundgebung auf dem Marienplatz &nbsp;<\/td><\/tr><tr><td><strong>Samstag, 20. M\u00e4rz<\/strong><br><\/td><td><strong>Internationaler Friedens-Aktiontag <\/strong>(Jahrestag Irakkriegsbeginn) 11:00 M\u00fcnchen (geplant): Kundgebung auf dem Marienplatz<br>evtl. Mahnwache am amerikanischen Konsulat Protestmarsch zur US-Airbase in Ramstein<br>Infos: <a href=\"http:\/\/www.ippnw.de\/Ramstein\/\" target=\"_blank\" rel=\"noreferrer noopener\">www.ippnw.de\/ramstein<\/a><br><\/td><\/tr><tr><td><strong>Samstag, 27. M\u00e4rz<\/strong><\/td><td><strong>Kongre\u00df \u00fcber die geplante EU-Milit\u00e4rverfassung<\/strong> in Frankfurt.<br>Veranstalter: &#8222;Deutsche Friedensgesellschaft\/Vereinigte KriegsdienstgegnerInnen&#8220;<br>Infos: <a href=\"http:\/\/www.dfg-vk.de\/info\/termin_euverfassung.html\">http:\/\/www.dfg-vk.de\/info\/termin_euverfassung.htm<\/a> &nbsp;<\/td><\/tr><tr><td><strong>Sonntag, 28. M\u00e4rz<\/strong><\/td><td><strong>Treffen der \u00fcberregionalen attac-EU-Arbeitsgruppe<\/strong> in Frankfurt zur Vorbereitung des europaweiten Aktionstags am 09.Mai.<br>Infos: <a href=\"http:\/\/www.attac.de\/eu-ag\/menu_ausgabe.php?menu_id=13\">http:\/\/www.attac.de\/eu-ag\/menu_ausgabe.php?menu_id=13<\/a><br><\/td><\/tr><tr><td><strong>Freitag, 02. April<\/strong><br><\/td><td><strong>Europ\u00e4ischer Aktionstag gegen Sozialabbau<\/strong><br>Betriebliche Aktionen und weitere Aktivit\u00e4ten in der Stadt geplant<\/td><\/tr><tr><td><strong>Samstag, 03. April<\/strong><br>Stuttgart &nbsp;<\/td><td><strong>Europ\u00e4ischer Aktionstag gegen Sozialabbau<\/strong><br>Zentrale Aktion in Stuttgart<\/td><\/tr><\/tbody><\/table><\/figure>\n\n\n\n<p><\/p>\n","protected":false},"excerpt":{"rendered":"<p>Veranstaltungsreihe im Herbst 2004 zur Gr\u00fcndung des Sozialforums &nbsp; 31.Oktober bis 21. November M\u00fcnchner Friedenswochen&#8222;Gleiches Recht f\u00fcr alle Menschen, alle V\u00f6lker!&#8220; \u00bb&nbsp;Programm&nbsp;\u00ab daraus einige der ca. 25 Veranstaltungen: Di., 9.11.04, 19:30 &#8211; 22:00 Uhr, Truderinger Frauen f\u00fcr Frieden und Abr\u00fcstung,Vortrag und Diskussion, Paul B. Kleiser (Politologe),&#8222;EU-Verfassung, Rechte f\u00fcr die B\u00fcrger oder f\u00fcr die Wirtschaft&#8220;Familien.Zentrum Trudering [&hellip;]<\/p>\n","protected":false},"author":1,"featured_media":0,"comment_status":"open","ping_status":"open","sticky":false,"template":"","format":"standard","meta":{"hide_page_title":""},"categories":[4],"tags":[],"_links":{"self":[{"href":"https:\/\/m-sf.de\/blog\/wp-json\/wp\/v2\/posts\/332"}],"collection":[{"href":"https:\/\/m-sf.de\/blog\/wp-json\/wp\/v2\/posts"}],"about":[{"href":"https:\/\/m-sf.de\/blog\/wp-json\/wp\/v2\/types\/post"}],"author":[{"embeddable":true,"href":"https:\/\/m-sf.de\/blog\/wp-json\/wp\/v2\/users\/1"}],"replies":[{"embeddable":true,"href":"https:\/\/m-sf.de\/blog\/wp-json\/wp\/v2\/comments?post=332"}],"version-history":[{"count":3,"href":"https:\/\/m-sf.de\/blog\/wp-json\/wp\/v2\/posts\/332\/revisions"}],"predecessor-version":[{"id":337,"href":"https:\/\/m-sf.de\/blog\/wp-json\/wp\/v2\/posts\/332\/revisions\/337"}],"wp:attachment":[{"href":"https:\/\/m-sf.de\/blog\/wp-json\/wp\/v2\/media?parent=332"}],"wp:term":[{"taxonomy":"category","embeddable":true,"href":"https:\/\/m-sf.de\/blog\/wp-json\/wp\/v2\/categories?post=332"},{"taxonomy":"post_tag","embeddable":true,"href":"https:\/\/m-sf.de\/blog\/wp-json\/wp\/v2\/tags?post=332"}],"curies":[{"name":"wp","href":"https:\/\/api.w.org\/{rel}","templated":true}]}}