{"id":533,"date":"2025-04-04T14:14:11","date_gmt":"2025-04-04T12:14:11","guid":{"rendered":"http:\/\/m-sf.de\/blog\/?p=533"},"modified":"2025-04-10T14:15:01","modified_gmt":"2025-04-10T12:15:01","slug":"juni-2025-griechisches-extra-virgin-olivenoel-kommt-wieder-nach-muenchen","status":"publish","type":"post","link":"https:\/\/m-sf.de\/blog\/2025\/04\/04\/juni-2025-griechisches-extra-virgin-olivenoel-kommt-wieder-nach-muenchen\/","title":{"rendered":"Juni 2025:                   Griechisches Extra Virgin Oliven\u00f6l kommt wieder nach M\u00fcnchen"},"content":{"rendered":"\n<h2 id=\"block-c3558a8b-b351-4ab3-9796-967cdfd2724e\"><strong>Solidarisch. Nachhaltig. Gerecht.<\/strong><\/h2>\n\n\n\n<p> Wir bringen in Zusammenarbeit mit der deutschen Genossenschaft \u201eSolidariTrade\u201c (Berlin) \u2013 und der Kooperative \u201eMessinis Gea\u201c aus Kalamata (GR) ) sowie der Kooperative \u201eA.E.S. Sterna\u201c kostbares Oliven\u00f6l <strong>wieder nach M\u00fcnchen.<\/strong> <\/p>\n\n\n\n<p>Auch in diesem Jahr m\u00fcssten wir leider die starken Ausf\u00e4lle bei der Oliven Ernte und den damit verbundenen gestiegenen Produktionskosten der Bauern ber\u00fccksichtigen. Die Preise bleiben wie letztes Jahr (weitere Infos s. <a href=\"https:\/\/solidaritrade.de\">https:\/\/solidaritrade.de<\/a> )<\/p>\n\n\n\n<p>Wir bieten&nbsp;<strong>5-Liter Kanister zum Preis von 70 Euro, 1-Liter-Flaschen zum Preis von 16 Euro, sowie neu<\/strong> ab diesem Jahr <strong>3-Liter<\/strong> <strong>Beutel zu 46 Euro<\/strong>. 1 Euro pro Liter geht an solidarische Projekte. Je 50 Cent an die Fl\u00fcchtlingshilfe auf Lesbos und an die solidarische Initiative Perivolarides (\u201eG\u00e4rtner\u201c) in Thessaloniki.<\/p>\n\n\n\n<p>Die <strong>Bestellung erfolgt<\/strong> online; das \u00d6l wird nicht geliefert, sondern von Ihnen abgeholt.<\/p>\n\n\n\n<p><\/p>\n\n\n\n<p> ie gew\u00fcnschte Menge <strong>bis sp\u00e4testens 7. Juni 2025<\/strong> bestellen k\u00f6nnen: <\/p>\n\n\n\n<p><\/p>\n\n\n\n<p><a href=\"https:\/\/solidaritrade.de\/muenchen\/\">https:\/\/solidaritrade.de\/muenchen\/<\/a><\/p>\n\n\n\n<p><\/p>\n\n\n\n<p class=\"has-text-align-center\"><strong>Sie k\u00f6nnen das bestellte \u00d6l abholen:<\/strong><\/p>\n\n\n\n<p class=\"has-text-align-center\"><strong>am Samstag, 14. Juni 2025,<\/strong>&nbsp;<strong>von 13:00 bis 17:00 Uhr,<\/strong><\/p>\n\n\n\n<p class=\"has-text-align-center\"><strong>im Eine Welt Haus<\/strong><strong>,<\/strong><strong> Schwanthalerstr. 80 RGB, 80336 M\u00fcnchen,<\/strong><\/p>\n\n\n\n<p class=\"has-text-align-center\">Anfahrt: U4\/U5 Haltestelle Theresienwiese<\/p>\n\n\n\n<p><\/p>\n\n\n\n<p>Bei der Abholung haben Sie die M\u00f6glichkeit, Oliven, Honig und Seifen aus der selbstverwalteten Fabrik Vio.Me in Thessaloniki zu erwerben sowie Informationen \u00fcber die aktuellen politischen und wirtschaftlichen Entwicklungen und der Situation der Fl\u00fcchtlinge in Griechenland zu erhalten.<\/p>\n\n\n\n<p>Wir freuen uns, Sie am 14. Juni im Eine Welt Haus zu treffen!<\/p>\n\n\n\n<p><\/p>\n\n\n\n<p>Kontakt: &nbsp;<a href=\"mailto:info@m-sf.de\">info@m-sf.de<\/a>&nbsp;<\/p>\n\n\n\n<p><a href=\"http:\/\/m-sf.de\/blog\/\">http:\/\/m-sf.de\/blog\/<\/a>&nbsp;&nbsp; <a href=\"https:\/\/www.einewelthaus.de\/\">https:\/\/www.einewelthaus.de\/<\/a>&nbsp;&nbsp; <a href=\"https:\/\/www.evangelisches-migrationszentrum.de\/\">https:\/\/www.evangelisches-migrationszentrum.de\/<\/a><\/p>\n\n\n\n<p>M\u00e4rz 2025<\/p>\n","protected":false},"excerpt":{"rendered":"<p>Solidarisch. Nachhaltig. Gerecht. Wir bringen in Zusammenarbeit mit der deutschen Genossenschaft \u201eSolidariTrade\u201c (Berlin) \u2013 und der Kooperative \u201eMessinis Gea\u201c aus Kalamata (GR) ) sowie der Kooperative \u201eA.E.S. Sterna\u201c kostbares Oliven\u00f6l wieder nach M\u00fcnchen. Auch in diesem Jahr m\u00fcssten wir leider die starken Ausf\u00e4lle bei der Oliven Ernte und den damit verbundenen gestiegenen Produktionskosten der Bauern [&hellip;]<\/p>\n","protected":false},"author":2,"featured_media":0,"comment_status":"closed","ping_status":"closed","sticky":false,"template":"","format":"standard","meta":{"hide_page_title":""},"categories":[1],"tags":[],"_links":{"self":[{"href":"https:\/\/m-sf.de\/blog\/wp-json\/wp\/v2\/posts\/533"}],"collection":[{"href":"https:\/\/m-sf.de\/blog\/wp-json\/wp\/v2\/posts"}],"about":[{"href":"https:\/\/m-sf.de\/blog\/wp-json\/wp\/v2\/types\/post"}],"author":[{"embeddable":true,"href":"https:\/\/m-sf.de\/blog\/wp-json\/wp\/v2\/users\/2"}],"replies":[{"embeddable":true,"href":"https:\/\/m-sf.de\/blog\/wp-json\/wp\/v2\/comments?post=533"}],"version-history":[{"count":3,"href":"https:\/\/m-sf.de\/blog\/wp-json\/wp\/v2\/posts\/533\/revisions"}],"predecessor-version":[{"id":536,"href":"https:\/\/m-sf.de\/blog\/wp-json\/wp\/v2\/posts\/533\/revisions\/536"}],"wp:attachment":[{"href":"https:\/\/m-sf.de\/blog\/wp-json\/wp\/v2\/media?parent=533"}],"wp:term":[{"taxonomy":"category","embeddable":true,"href":"https:\/\/m-sf.de\/blog\/wp-json\/wp\/v2\/categories?post=533"},{"taxonomy":"post_tag","embeddable":true,"href":"https:\/\/m-sf.de\/blog\/wp-json\/wp\/v2\/tags?post=533"}],"curies":[{"name":"wp","href":"https:\/\/api.w.org\/{rel}","templated":true}]}}